{"id":998,"date":"2025-05-17T12:55:13","date_gmt":"2025-05-17T10:55:13","guid":{"rendered":"https:\/\/wspomozycielka-lodz.pl\/?p=998"},"modified":"2025-05-17T12:55:14","modified_gmt":"2025-05-17T10:55:14","slug":"ogloszenia-parafialne-18-05-2025","status":"publish","type":"post","link":"https:\/\/wspomozycielka-lodz.pl\/?p=998","title":{"rendered":"OG\u0141OSZENIA PARAFIALNE (18.05.2025)"},"content":{"rendered":"\n<p>1. Nabo\u017ce\u0144stwa majowe wraz z nowenn\u0105 do Maryi Wspomo\u017cycielki do pi\u0105tku o godz. 17.15.<\/p>\n\n\n\n<p>2. W czwartek po Mszy wieczornej adoracja Naj\u015bwi\u0119tszego Sakramentu.<\/p>\n\n\n\n<p>3. W pi\u0105tek o godz. 18.00 uroczysta Msza odpustowa ku czci Maryi Wspomo\u017cycielki Wiernych.<\/p>\n\n\n\n<p>4. W sobot\u0119 o godz. 17.00 ho\u0142d ku czci Maryi Wspomo\u017cycielki Wiernych.<\/p>\n\n\n\n<p>5. W przysz\u0142\u0105 sobot\u0119 nasz parafianin dk. Piotr Karos przyjmie w E\u0142ku \u015bwi\u0119cenia kap\u0142a\u0144skie. Otoczmy go nasza modlitw\u0105.<\/p>\n\n\n\n<p>6. W przysz\u0142\u0105 niedziel\u0119 &#8211; 25 maja &#8211; zapraszamy na Rodzinne Oratorium. O godz. 11.30 Msza \u015bw., a po niej spotkanie i zaj\u0119cia dla dzieci, m\u0142odzie\u017cy, rodzic\u00f3w oraz wszystkich ch\u0119tnych.<\/p>\n\n\n\n<p>7. Ma\u0142e Siostry Baranka wraz z m\u0142odzie\u017c\u0105 zapraszaj\u0105 na przedstawienie ewangelizacyjne \u201eWesele w Kanie Galilejskiej\u201d 27 maja o godz. 19.15 w ko\u015bciele Matki Boskiej Fatimskiej. <\/p>\n\n\n\n<p>7. Z naszej wsp\u00f3lnoty parafialnej do wieczno\u015bci odeszli: Jolanta Felczak, lat 60; Barbara Palim\u0105ka, lat 78. <em>Wieczny odpoczynek racz im da\u0107, Panie<\/em>&#8230;<\/p>\n","protected":false},"excerpt":{"rendered":"<p>1. Nabo\u017ce\u0144stwa majowe wraz z nowenn\u0105 do Maryi Wspomo\u017cycielki do pi\u0105tku o godz. 17.15. 2. W czwartek po Mszy wieczornej adoracja Naj\u015bwi\u0119tszego Sakramentu. 3. W pi\u0105tek o godz. 18.00 uroczysta Msza odpustowa ku czci Maryi Wspomo\u017cycielki Wiernych. 4. W sobot\u0119 o godz. 17.00 ho\u0142d ku czci Maryi Wspomo\u017cycielki Wiernych. 5. [&hellip;]<\/p>\n","protected":false},"author":2,"featured_media":619,"comment_status":"closed","ping_status":"closed","sticky":false,"template":"","format":"standard","meta":{"footnotes":""},"categories":[2],"tags":[],"class_list":["post-998","post","type-post","status-publish","format-standard","has-post-thumbnail","hentry","category-aktualnosci"],"_links":{"self":[{"href":"https:\/\/wspomozycielka-lodz.pl\/index.php?rest_route=\/wp\/v2\/posts\/998","targetHints":{"allow":["GET"]}}],"collection":[{"href":"https:\/\/wspomozycielka-lodz.pl\/index.php?rest_route=\/wp\/v2\/posts"}],"about":[{"href":"https:\/\/wspomozycielka-lodz.pl\/index.php?rest_route=\/wp\/v2\/types\/post"}],"author":[{"embeddable":true,"href":"https:\/\/wspomozycielka-lodz.pl\/index.php?rest_route=\/wp\/v2\/users\/2"}],"replies":[{"embeddable":true,"href":"https:\/\/wspomozycielka-lodz.pl\/index.php?rest_route=%2Fwp%2Fv2%2Fcomments&post=998"}],"version-history":[{"count":1,"href":"https:\/\/wspomozycielka-lodz.pl\/index.php?rest_route=\/wp\/v2\/posts\/998\/revisions"}],"predecessor-version":[{"id":999,"href":"https:\/\/wspomozycielka-lodz.pl\/index.php?rest_route=\/wp\/v2\/posts\/998\/revisions\/999"}],"wp:featuredmedia":[{"embeddable":true,"href":"https:\/\/wspomozycielka-lodz.pl\/index.php?rest_route=\/wp\/v2\/media\/619"}],"wp:attachment":[{"href":"https:\/\/wspomozycielka-lodz.pl\/index.php?rest_route=%2Fwp%2Fv2%2Fmedia&parent=998"}],"wp:term":[{"taxonomy":"category","embeddable":true,"href":"https:\/\/wspomozycielka-lodz.pl\/index.php?rest_route=%2Fwp%2Fv2%2Fcategories&post=998"},{"taxonomy":"post_tag","embeddable":true,"href":"https:\/\/wspomozycielka-lodz.pl\/index.php?rest_route=%2Fwp%2Fv2%2Ftags&post=998"}],"curies":[{"name":"wp","href":"https:\/\/api.w.org\/{rel}","templated":true}]}}