{"id":996,"date":"2025-05-12T09:24:28","date_gmt":"2025-05-12T07:24:28","guid":{"rendered":"https:\/\/wspomozycielka-lodz.pl\/?p=996"},"modified":"2025-05-12T09:24:29","modified_gmt":"2025-05-12T07:24:29","slug":"ogloszenia-parafialne-11-05-2025","status":"publish","type":"post","link":"https:\/\/wspomozycielka-lodz.pl\/?p=996","title":{"rendered":"OG\u0141OSZENIA PARAFIALNE (11.05.2025)"},"content":{"rendered":"\n<p>1. Nabo\u017ce\u0144stwa majowe do \u015brody o godz. 17.30, a od czwartku wraz z nowenn\u0105 do Maryi Wspomo\u017cycielki o godz. 17.15.<\/p>\n\n\n\n<p>2. W poniedzia\u0142ek na Mszy wieczornej o godz. 18.00 m\u0142odzie\u017c przyjmie sakrament bierzmowania.<\/p>\n\n\n\n<p>3. W \u015brod\u0119 na Mszy wieczornej b\u0119dziemy si\u0119 modli\u0107 w intencji ks. Macieja Drewniaka w dniu jego imienin.<\/p>\n\n\n\n<p>4. W czwartek po Mszy wieczornej adoracja Naj\u015bwi\u0119tszego Sakramentu.<\/p>\n\n\n\n<p>5. W przysz\u0142\u0105 sobot\u0119 klerycy Godfrey i Bwalya przyjm\u0105 w Krakowie \u015bwi\u0119cenia diakonatu. Otoczmy ich nasza modlitw\u0105. <\/p>\n\n\n\n<p>6. W przysz\u0142\u0105 sobot\u0119 o godz. 10.00 dzieci ze szko\u0142y podstawowej nr 170 b\u0119d\u0105 mia\u0142y odnowienie przyrzecze\u0144 chrzcielnych i pierwsz\u0105 spowied\u017a, a w niedziel\u0119 na Mszy \u015bw. o godz. 11.30 b\u0119dzie uroczysto\u015b\u0107 ich pierwszej Komunii \u015awi\u0119tej.<\/p>\n","protected":false},"excerpt":{"rendered":"<p>1. Nabo\u017ce\u0144stwa majowe do \u015brody o godz. 17.30, a od czwartku wraz z nowenn\u0105 do Maryi Wspomo\u017cycielki o godz. 17.15. 2. W poniedzia\u0142ek na Mszy wieczornej o godz. 18.00 m\u0142odzie\u017c przyjmie sakrament bierzmowania. 3. W \u015brod\u0119 na Mszy wieczornej b\u0119dziemy si\u0119 modli\u0107 w intencji ks. Macieja Drewniaka w dniu jego [&hellip;]<\/p>\n","protected":false},"author":2,"featured_media":619,"comment_status":"closed","ping_status":"closed","sticky":false,"template":"","format":"standard","meta":{"footnotes":""},"categories":[2],"tags":[],"class_list":["post-996","post","type-post","status-publish","format-standard","has-post-thumbnail","hentry","category-aktualnosci"],"_links":{"self":[{"href":"https:\/\/wspomozycielka-lodz.pl\/index.php?rest_route=\/wp\/v2\/posts\/996","targetHints":{"allow":["GET"]}}],"collection":[{"href":"https:\/\/wspomozycielka-lodz.pl\/index.php?rest_route=\/wp\/v2\/posts"}],"about":[{"href":"https:\/\/wspomozycielka-lodz.pl\/index.php?rest_route=\/wp\/v2\/types\/post"}],"author":[{"embeddable":true,"href":"https:\/\/wspomozycielka-lodz.pl\/index.php?rest_route=\/wp\/v2\/users\/2"}],"replies":[{"embeddable":true,"href":"https:\/\/wspomozycielka-lodz.pl\/index.php?rest_route=%2Fwp%2Fv2%2Fcomments&post=996"}],"version-history":[{"count":1,"href":"https:\/\/wspomozycielka-lodz.pl\/index.php?rest_route=\/wp\/v2\/posts\/996\/revisions"}],"predecessor-version":[{"id":997,"href":"https:\/\/wspomozycielka-lodz.pl\/index.php?rest_route=\/wp\/v2\/posts\/996\/revisions\/997"}],"wp:featuredmedia":[{"embeddable":true,"href":"https:\/\/wspomozycielka-lodz.pl\/index.php?rest_route=\/wp\/v2\/media\/619"}],"wp:attachment":[{"href":"https:\/\/wspomozycielka-lodz.pl\/index.php?rest_route=%2Fwp%2Fv2%2Fmedia&parent=996"}],"wp:term":[{"taxonomy":"category","embeddable":true,"href":"https:\/\/wspomozycielka-lodz.pl\/index.php?rest_route=%2Fwp%2Fv2%2Fcategories&post=996"},{"taxonomy":"post_tag","embeddable":true,"href":"https:\/\/wspomozycielka-lodz.pl\/index.php?rest_route=%2Fwp%2Fv2%2Ftags&post=996"}],"curies":[{"name":"wp","href":"https:\/\/api.w.org\/{rel}","templated":true}]}}