{"id":994,"date":"2025-05-03T12:56:52","date_gmt":"2025-05-03T10:56:52","guid":{"rendered":"https:\/\/wspomozycielka-lodz.pl\/?p=994"},"modified":"2025-05-03T12:56:54","modified_gmt":"2025-05-03T10:56:54","slug":"ogloszenia-parafialne-04-05-2025","status":"publish","type":"post","link":"https:\/\/wspomozycielka-lodz.pl\/?p=994","title":{"rendered":"OG\u0141OSZENIA PARAFIALNE (04.05.2025)"},"content":{"rendered":"\n<p>1. Nabo\u017ce\u0144stwa majowe o godz. 17.30.<\/p>\n\n\n\n<p>2. W poniedzia\u0142ek na Mszy wieczornej razem z naszym Oratorium uczcimy \u015bw. Dominika Savio.<\/p>\n\n\n\n<p>3. W \u015brod\u0119 po Mszy wieczornej spotkanie Wieczernika modlitwy za kap\u0142an\u00f3w.<\/p>\n\n\n\n<p>4. W czwartek po Mszy wieczornej adoracja Naj\u015bwi\u0119tszego Sakramentu.<\/p>\n\n\n\n<p>5. W przysz\u0142\u0105 niedziel\u0119 po Mszy \u015bw. o godz. 11.30 b\u0119dzie spotkanie Salezjan\u00f3w Wsp\u00f3\u0142pracownik\u00f3w. <\/p>\n\n\n\n<p>6. Nasze Oratorium zaprasza ministrant\u00f3w, podopiecznych klubu \u015brodowiskowego i rodzic\u00f3w, osoby tworz\u0105ce Stowarzyszenie Oratorium oraz ofiarodawc\u00f3w w \u015bwi\u0119to \u015bw. Dominika Savio w poniedzia\u0142ek, 5 maja, o godz. 17.00 na spotkanie w oratorium, a po nim na Msz\u0119 \u015bw. o godz. 18.00 i potem pocz\u0119stunek w oratorium<\/p>\n","protected":false},"excerpt":{"rendered":"<p>1. Nabo\u017ce\u0144stwa majowe o godz. 17.30. 2. W poniedzia\u0142ek na Mszy wieczornej razem z naszym Oratorium uczcimy \u015bw. Dominika Savio. 3. W \u015brod\u0119 po Mszy wieczornej spotkanie Wieczernika modlitwy za kap\u0142an\u00f3w. 4. W czwartek po Mszy wieczornej adoracja Naj\u015bwi\u0119tszego Sakramentu. 5. W przysz\u0142\u0105 niedziel\u0119 po Mszy \u015bw. o godz. 11.30 [&hellip;]<\/p>\n","protected":false},"author":2,"featured_media":619,"comment_status":"closed","ping_status":"closed","sticky":false,"template":"","format":"standard","meta":{"footnotes":""},"categories":[2],"tags":[],"class_list":["post-994","post","type-post","status-publish","format-standard","has-post-thumbnail","hentry","category-aktualnosci"],"_links":{"self":[{"href":"https:\/\/wspomozycielka-lodz.pl\/index.php?rest_route=\/wp\/v2\/posts\/994","targetHints":{"allow":["GET"]}}],"collection":[{"href":"https:\/\/wspomozycielka-lodz.pl\/index.php?rest_route=\/wp\/v2\/posts"}],"about":[{"href":"https:\/\/wspomozycielka-lodz.pl\/index.php?rest_route=\/wp\/v2\/types\/post"}],"author":[{"embeddable":true,"href":"https:\/\/wspomozycielka-lodz.pl\/index.php?rest_route=\/wp\/v2\/users\/2"}],"replies":[{"embeddable":true,"href":"https:\/\/wspomozycielka-lodz.pl\/index.php?rest_route=%2Fwp%2Fv2%2Fcomments&post=994"}],"version-history":[{"count":1,"href":"https:\/\/wspomozycielka-lodz.pl\/index.php?rest_route=\/wp\/v2\/posts\/994\/revisions"}],"predecessor-version":[{"id":995,"href":"https:\/\/wspomozycielka-lodz.pl\/index.php?rest_route=\/wp\/v2\/posts\/994\/revisions\/995"}],"wp:featuredmedia":[{"embeddable":true,"href":"https:\/\/wspomozycielka-lodz.pl\/index.php?rest_route=\/wp\/v2\/media\/619"}],"wp:attachment":[{"href":"https:\/\/wspomozycielka-lodz.pl\/index.php?rest_route=%2Fwp%2Fv2%2Fmedia&parent=994"}],"wp:term":[{"taxonomy":"category","embeddable":true,"href":"https:\/\/wspomozycielka-lodz.pl\/index.php?rest_route=%2Fwp%2Fv2%2Fcategories&post=994"},{"taxonomy":"post_tag","embeddable":true,"href":"https:\/\/wspomozycielka-lodz.pl\/index.php?rest_route=%2Fwp%2Fv2%2Ftags&post=994"}],"curies":[{"name":"wp","href":"https:\/\/api.w.org\/{rel}","templated":true}]}}