{"id":991,"date":"2025-04-26T15:32:11","date_gmt":"2025-04-26T13:32:11","guid":{"rendered":"https:\/\/wspomozycielka-lodz.pl\/?p=991"},"modified":"2025-04-27T17:15:39","modified_gmt":"2025-04-27T15:15:39","slug":"ogloszenia-parafialne-27-04-2025","status":"publish","type":"post","link":"https:\/\/wspomozycielka-lodz.pl\/?p=991","title":{"rendered":"OG\u0141OSZENIA PARAFIALNE (27.04.2025)"},"content":{"rendered":"\n<p>1. We wtorek po Mszy wieczornej b\u0119dzie spotkanie przygotowuj\u0105ce m\u0142odzie\u017c do sakramentu bierzmowania.<\/p>\n\n\n\n<p>2. W \u015brod\u0119 dzie\u0144 wspomnienia \u015bw. Jana Bosko.<\/p>\n\n\n\n<p>3. W czwartek rozpoczynamy nabo\u017ce\u0144stwa majowe o godz. 17.30. Na Mszy wieczornej b\u0119dziemy si\u0119 modli\u0107 za kap\u0142an\u00f3w i osoby konsekrowane pos\u0142uguj\u0105ce w naszej parafii i o nowe powo\u0142ania. Po Mszy wieczornej adoracja Naj\u015bwi\u0119tszego Sakramentu.<\/p>\n\n\n\n<p>4. W pi\u0105tek przed po\u0142udniem odwiedziny chorych. Od godz. 15.00 Godzina Mi\u0142osierdzia i adoracja Naj\u015bwi\u0119tszego Sakramentu. Po Mszy wieczornej spotkanie wsp\u00f3lnoty Stra\u017cy Honorowej NSPJ.<\/p>\n\n\n\n<p>5. W sobot\u0119 obchodzimy uroczysto\u015b\u0107 Naj\u015bwi\u0119tszej Maryi Panny Kr\u00f3lowej Polski. Msze \u015bwi\u0119te jak w niedziel\u0119.<\/p>\n\n\n\n<p>6. Przypominamy, \u017ce dzi\u015b o godz. 15.00 b\u0119dzie nabo\u017ce\u0144stwo ku czci mi\u0142osierdzia Bo\u017cego.<\/p>\n\n\n\n<p>7. Dzi\u015b mo\u017cna z\u0142o\u017cy\u0107 ofiar\u0119 na Radio Maryja.<\/p>\n\n\n\n<p>8. Z naszej wsp\u00f3lnoty parafialnej do wieczno\u015bci odeszli: Marianna Czernielewska, lat 98; Jacek Jasiaczek, lat 63; Wies\u0142aw Szkudlarek, lat 93. <em>Wieczny odpoczynek racz im da\u0107, Panie<\/em>&#8230;<\/p>\n","protected":false},"excerpt":{"rendered":"<p>1. We wtorek po Mszy wieczornej b\u0119dzie spotkanie przygotowuj\u0105ce m\u0142odzie\u017c do sakramentu bierzmowania. 2. W \u015brod\u0119 dzie\u0144 wspomnienia \u015bw. Jana Bosko. 3. W czwartek rozpoczynamy nabo\u017ce\u0144stwa majowe o godz. 17.30. Na Mszy wieczornej b\u0119dziemy si\u0119 modli\u0107 za kap\u0142an\u00f3w i osoby konsekrowane pos\u0142uguj\u0105ce w naszej parafii i o nowe powo\u0142ania. Po [&hellip;]<\/p>\n","protected":false},"author":2,"featured_media":619,"comment_status":"closed","ping_status":"closed","sticky":false,"template":"","format":"standard","meta":{"footnotes":""},"categories":[2],"tags":[],"class_list":["post-991","post","type-post","status-publish","format-standard","has-post-thumbnail","hentry","category-aktualnosci"],"_links":{"self":[{"href":"https:\/\/wspomozycielka-lodz.pl\/index.php?rest_route=\/wp\/v2\/posts\/991","targetHints":{"allow":["GET"]}}],"collection":[{"href":"https:\/\/wspomozycielka-lodz.pl\/index.php?rest_route=\/wp\/v2\/posts"}],"about":[{"href":"https:\/\/wspomozycielka-lodz.pl\/index.php?rest_route=\/wp\/v2\/types\/post"}],"author":[{"embeddable":true,"href":"https:\/\/wspomozycielka-lodz.pl\/index.php?rest_route=\/wp\/v2\/users\/2"}],"replies":[{"embeddable":true,"href":"https:\/\/wspomozycielka-lodz.pl\/index.php?rest_route=%2Fwp%2Fv2%2Fcomments&post=991"}],"version-history":[{"count":2,"href":"https:\/\/wspomozycielka-lodz.pl\/index.php?rest_route=\/wp\/v2\/posts\/991\/revisions"}],"predecessor-version":[{"id":993,"href":"https:\/\/wspomozycielka-lodz.pl\/index.php?rest_route=\/wp\/v2\/posts\/991\/revisions\/993"}],"wp:featuredmedia":[{"embeddable":true,"href":"https:\/\/wspomozycielka-lodz.pl\/index.php?rest_route=\/wp\/v2\/media\/619"}],"wp:attachment":[{"href":"https:\/\/wspomozycielka-lodz.pl\/index.php?rest_route=%2Fwp%2Fv2%2Fmedia&parent=991"}],"wp:term":[{"taxonomy":"category","embeddable":true,"href":"https:\/\/wspomozycielka-lodz.pl\/index.php?rest_route=%2Fwp%2Fv2%2Fcategories&post=991"},{"taxonomy":"post_tag","embeddable":true,"href":"https:\/\/wspomozycielka-lodz.pl\/index.php?rest_route=%2Fwp%2Fv2%2Ftags&post=991"}],"curies":[{"name":"wp","href":"https:\/\/api.w.org\/{rel}","templated":true}]}}