{"id":989,"date":"2025-04-22T17:34:39","date_gmt":"2025-04-22T15:34:39","guid":{"rendered":"https:\/\/wspomozycielka-lodz.pl\/?p=989"},"modified":"2025-04-22T17:34:39","modified_gmt":"2025-04-22T15:34:39","slug":"ogloszenia-parafialne-20-04-2025","status":"publish","type":"post","link":"https:\/\/wspomozycielka-lodz.pl\/?p=989","title":{"rendered":"OG\u0141OSZENIA PARAFIALNE (20.04.2025)"},"content":{"rendered":"\n<p>1. Wszystkim Parafianom, Sympatykom i Go\u015bciom \u017cyczymy b\u0142ogos\u0142awionych \u015bwi\u0105t Zmartwychwstania Pa\u0144skiego, zdrowia, rado\u015bci i pokoju!<\/p>\n\n\n\n<p>2. Jutro drugi dzie\u0144 \u015bwi\u0105t wielkanocnych. Msze \u015bwi\u0119te jak w niedziel\u0119. Przez ca\u0142y tydzie\u0144 trwa\u0107 b\u0119dziemy w oktawie Wielkanocy. Z tej racji w najbli\u017cszy pi\u0105tek nie obowi\u0105zuje wstrzemi\u0119\u017aliwo\u015b\u0107 od pokarm\u00f3w mi\u0119snych.<\/p>\n\n\n\n<p>3. Nowenna do Bo\u017cego mi\u0142osierdzia i do Maryi Wspomo\u017cycielki do \u015brody o godz. 17.30.<\/p>\n\n\n\n<p>4. W czwartek ho\u0142d ku czci Maryi Wspomo\u017cycielki wraz z nowenn\u0105 do Bo\u017cego mi\u0142osierdzia o godz. 17.00. Po Mszy wieczornej adoracja Naj\u015bwi\u0119tszego Sakramentu.<\/p>\n\n\n\n<p>5. W pi\u0105tek i sobot\u0119 nowenna Bo\u017cego mi\u0142osierdzia o godz. 17.40.<\/p>\n\n\n\n<p>6. W przysz\u0142\u0105 niedziel\u0119, kt\u00f3ra jest \u015bwi\u0119tem Bo\u017cego mi\u0142osierdzia, zapraszamy na nabo\u017ce\u0144stwo ku czci mi\u0142osierdzia Bo\u017cego o godz. 15.00.<\/p>\n\n\n\n<p>7. W przysz\u0142\u0105 niedziel\u0119 po Mszy \u015bw. o godz. 11.30 b\u0119dzie spotkanie dla dzieci przygotowuj\u0105cych si\u0119 do pierwszej Komunii \u015bw. i ich rodzic\u00f3w.<\/p>\n\n\n\n<p>8. Serdecznie dzi\u0119kuj\u0119 wszystkim uczestnicz\u0105cym we wsp\u00f3lnym prze\u017cywaniu \u015awi\u0119tego Triduum Paschalnego w naszej \u015bwi\u0105tyni, a zw\u0142aszcza tym, kt\u00f3rzy zaanga\u017cowali si\u0119 w r\u00f3\u017cnych momentach. Dzi\u0119kuj\u0119 moim wsp\u00f3\u0142braciom, salezjanom, za ich obecno\u015b\u0107, za pos\u0142ug\u0119 celebracji liturgii i nabo\u017ce\u0144stw, a tak\u017ce pos\u0142ug\u0119 w sakramencie pokuty i pojednania. Ks. Piotrowi dzi\u0119kuj\u0119 za przygotowanie s\u0142u\u017cby liturgicznej. Pani Ewie, pani Zofii, panom Mateuszowi i \u0141ukaszowi oraz moim wsp\u00f3\u0142braciom dzi\u0119kuj\u0119 za przygotowanie ciemnicy i Grobu Pa\u0144skiego. Dzi\u0119kuj\u0119 ca\u0142ej s\u0142u\u017cbie liturgicznej. Dzi\u0119kuj\u0119 panu organi\u015bcie Rados\u0142awowi i wszystkim zaanga\u017cowanym w \u015bpiewy podczas Triduum. Dzi\u0119kuj\u0119 panu ko\u015bcielnemu Aleksandrowi. Dzi\u0119kuj\u0119 Salezjanom Wsp\u00f3\u0142pracownikom za zaanga\u017cowanie. Dzi\u0119kuj\u0119 Stra\u017cy Honorowej Serca Jezusa za czuwanie przy Panu Jezusie. Dzi\u0119kuj\u0119 wszystkim zaanga\u017cowanym w procesj\u0119 rezurekcyjn\u0105. Dzi\u0119kuj\u0119 wszystkim sprz\u0105taj\u0105cym ko\u015bci\u00f3\u0142. Pani Janinie za wyczyszczenie konfesjona\u0142\u00f3w, pani Monice za umycie okien. Dzi\u0119kuj\u0119 panom aposto\u0142om z Wielkiego Czwartku. Niech Zmartwychwsta\u0142y wynagradza swoimi \u0142askami ka\u017cde dobro. <\/p>\n\n\n\n<p>9. Serdecznie dzi\u0119kuj\u0119 za ofiary sk\u0142adane na kwiaty do Grobu Pa\u0144skiego i na potrzeby ko\u015bcio\u0142a.<\/p>\n","protected":false},"excerpt":{"rendered":"<p>1. Wszystkim Parafianom, Sympatykom i Go\u015bciom \u017cyczymy b\u0142ogos\u0142awionych \u015bwi\u0105t Zmartwychwstania Pa\u0144skiego, zdrowia, rado\u015bci i pokoju! 2. Jutro drugi dzie\u0144 \u015bwi\u0105t wielkanocnych. Msze \u015bwi\u0119te jak w niedziel\u0119. Przez ca\u0142y tydzie\u0144 trwa\u0107 b\u0119dziemy w oktawie Wielkanocy. Z tej racji w najbli\u017cszy pi\u0105tek nie obowi\u0105zuje wstrzemi\u0119\u017aliwo\u015b\u0107 od pokarm\u00f3w mi\u0119snych. 3. Nowenna do Bo\u017cego [&hellip;]<\/p>\n","protected":false},"author":2,"featured_media":619,"comment_status":"closed","ping_status":"closed","sticky":false,"template":"","format":"standard","meta":{"footnotes":""},"categories":[2],"tags":[],"class_list":["post-989","post","type-post","status-publish","format-standard","has-post-thumbnail","hentry","category-aktualnosci"],"_links":{"self":[{"href":"https:\/\/wspomozycielka-lodz.pl\/index.php?rest_route=\/wp\/v2\/posts\/989","targetHints":{"allow":["GET"]}}],"collection":[{"href":"https:\/\/wspomozycielka-lodz.pl\/index.php?rest_route=\/wp\/v2\/posts"}],"about":[{"href":"https:\/\/wspomozycielka-lodz.pl\/index.php?rest_route=\/wp\/v2\/types\/post"}],"author":[{"embeddable":true,"href":"https:\/\/wspomozycielka-lodz.pl\/index.php?rest_route=\/wp\/v2\/users\/2"}],"replies":[{"embeddable":true,"href":"https:\/\/wspomozycielka-lodz.pl\/index.php?rest_route=%2Fwp%2Fv2%2Fcomments&post=989"}],"version-history":[{"count":1,"href":"https:\/\/wspomozycielka-lodz.pl\/index.php?rest_route=\/wp\/v2\/posts\/989\/revisions"}],"predecessor-version":[{"id":990,"href":"https:\/\/wspomozycielka-lodz.pl\/index.php?rest_route=\/wp\/v2\/posts\/989\/revisions\/990"}],"wp:featuredmedia":[{"embeddable":true,"href":"https:\/\/wspomozycielka-lodz.pl\/index.php?rest_route=\/wp\/v2\/media\/619"}],"wp:attachment":[{"href":"https:\/\/wspomozycielka-lodz.pl\/index.php?rest_route=%2Fwp%2Fv2%2Fmedia&parent=989"}],"wp:term":[{"taxonomy":"category","embeddable":true,"href":"https:\/\/wspomozycielka-lodz.pl\/index.php?rest_route=%2Fwp%2Fv2%2Fcategories&post=989"},{"taxonomy":"post_tag","embeddable":true,"href":"https:\/\/wspomozycielka-lodz.pl\/index.php?rest_route=%2Fwp%2Fv2%2Ftags&post=989"}],"curies":[{"name":"wp","href":"https:\/\/api.w.org\/{rel}","templated":true}]}}