{"id":987,"date":"2025-04-12T21:23:46","date_gmt":"2025-04-12T19:23:46","guid":{"rendered":"https:\/\/wspomozycielka-lodz.pl\/?p=987"},"modified":"2025-04-22T15:06:36","modified_gmt":"2025-04-22T13:06:36","slug":"ogloszenia-parafialne-13-04-2025-2","status":"publish","type":"post","link":"https:\/\/wspomozycielka-lodz.pl\/?p=987","title":{"rendered":"OG\u0141OSZENIA PARAFIALNE (13.04.2025)"},"content":{"rendered":"\n<p>1. Rozpoczynamy Wielki Tydzie\u0144, kt\u00f3rego kulminacj\u0105 b\u0119d\u0105 liturgie Triduum Paschalnego, upami\u0119tniaj\u0105ce najwa\u017cniejsze tajemnice naszej wiary \u2013 m\u0119ki, \u015bmierci i zmartwychwstania Jezusa Chrystusa. Serdecznie zach\u0119camy do uczestnictwa w tych liturgiach, zostawienia innych spraw i g\u0142\u0119bokiego zjednoczenia z Bogiem podczas tych najwa\u017cniejszych celebracji w ca\u0142ym roku.<\/p>\n\n\n\n<p>2. Ostatnie Gorzkie \u017bale z kazaniem pasyjnym dzi\u015b o 17.15.<\/p>\n\n\n\n<p>3. W Wielki Wtorek rozpoczniemy nowenn\u0119 do Maryi Wspomo\u017cycielki o godz. 17.40.<\/p>\n\n\n\n<p>4. W Wielki Czwartek nie b\u0119dzie Mszy porannej. O godz. 18.00 rozpoczniemy \u015awi\u0119te Triduum Paschalne Msz\u0105 Wieczerzy Pa\u0144skiej, zako\u0144czonej procesj\u0105 do miejsca przechowania Naj\u015bwi\u0119tszego Sakramentu (tzw. ciemnicy), gdzie trwa\u0107 b\u0119dzie adoracja do godz. 22.00.<\/p>\n\n\n\n<p>5. W Wielki Pi\u0105tek czuwanie modlitewne przy Naj\u015bwi\u0119tszym Sakramencie od godz. 7.00 do 18.00. Droga Krzy\u017cowa dla wszystkich o godz. 15.00 z rozpocz\u0119ciem nowenny do Bo\u017cego Mi\u0142osierdzia. Liturgia M\u0119ki Pa\u0144skiej rozpocznie si\u0119 o godz. 18.00. Ofiary zbierane w czasie adoracji Krzy\u017ca s\u0105 przeznaczone na potrzeby Ko\u015bcio\u0142a w Ziemi \u015awi\u0119tej. Po Liturgii procesja z Naj\u015bwi\u0119tszym Sakramentem do Grobu Pa\u0144skiego i adoracja do godz. 22.00. Przypominamy, \u017ce od momentu adoracji Krzy\u017ca w czasie pi\u0105tkowej Liturgii a\u017c do Wigilii Paschalnej przechodz\u0105c przed krzy\u017cem nale\u017cy przykl\u0119kn\u0105\u0107. W Wielki Pi\u0105tek obowi\u0105zuje nas wstrzemi\u0119\u017aliwo\u015b\u0107 od pokarm\u00f3w mi\u0119snych dla wszystkich powy\u017cej 14. roku \u017cycia oraz post \u015bcis\u0142y (ilo\u015bciowy) dla os\u00f3b od 18 do 60. roku \u017cycia.<\/p>\n\n\n\n<p>6. W Wielk\u0105 Sobot\u0119 adoracja Naj\u015bwi\u0119tszego Sakramentu przy Grobie Pa\u0144skim od godz. 7.00 do 16.00. Po\u015bwi\u0119cenie pokarm\u00f3w od 8.30 do 16.00. Ch\u0119tnych do pomocy w posprz\u0105taniu i przygotowaniu ko\u015bcio\u0142a na uroczysto\u015b\u0107 Zmartwychwstania zapraszamy o godz. 16.00. Uroczysta Wigilia Paschalna Zmartwychwstania Pa\u0144skiego rozpocznie si\u0119 o godz. 20.00. Przypominamy o zabraniu ze sob\u0105 \u015bwiec na Wigili\u0119 Paschaln\u0105, podczas kt\u00f3rej odnowimy przyrzeczenia chrzcielne.<\/p>\n\n\n\n<p>7. W Wielki Pi\u0105tek i Wielk\u0105 Sobot\u0119 o godz. 7.30 zapraszamy do wsp\u00f3lnej modlitwy Jutrzni i Godziny Czyta\u0144. W sobot\u0119 po tej modlitwie b\u0119dzie nowenna do Bo\u017cego Mi\u0142osierdzia i do Maryi Wspomo\u017cycielki.<\/p>\n\n\n\n<p>8. W Wielki Pi\u0105tek od 8.00 do 18.00 i w Wielk\u0105 Sobot\u0119 od 8.00 do 16.00 b\u0119dzie mo\u017cna skorzysta\u0107 z sakramentu pokuty i pojednania.<\/p>\n\n\n\n<p>9. Nast\u0119pna niedziela jest uroczysto\u015bci\u0105 Zmartwychwstania Pa\u0144skiego. Msza \u015bw. rezurekcyjna o godz. 6.00 z procesj\u0105 po ulicach naszej parafii. Kolejne Msze \u015bw. w uroczysto\u015b\u0107 Zmartwychwstania Pa\u0144skiego o godz. 10.00, 11.30 i 18.00. O godz. 17.30 nowenna do Bo\u017cego Mi\u0142osierdzia i Maryi Wspomo\u017cycielki.<\/p>\n\n\n\n<p>10. Nasze Oratorium zaprasza dzi\u015b na Kiermasz przed\u015bwi\u0105teczny przy kancelarii parafialnej. Sk\u0142adane ofiary b\u0119d\u0105 wsparciem dzia\u0142alno\u015bci religijno-formacyjnej oratorium.<\/p>\n\n\n\n<p>11. Zapraszamy dzi\u015b po Mszy \u015bw. o godz. 11.30 na kolejne spotkanie Oratorium rodzinnego w pomieszczeniach naszego oratorium.<\/p>\n\n\n\n<p>12. Stowarzyszenie Oratorium zaprasza podopiecznych klubu \u015brodowiskowego, wolontariuszy, lider\u00f3w, animator\u00f3w oraz wszystkich, kt\u00f3rzy tworz\u0105 to stowarzyszenie na spotkanie przed\u015bwi\u0105teczne w Wielk\u0105 \u015arod\u0119 o godz. 16.30 w sali oratoryjnej.<\/p>\n\n\n\n<p>13. Wsp\u00f3lnota Efez wraz z zespo\u0142em Ocaleni Worship zaprasza dzi\u015b na uwielbienie o godz. 19.00 w auli naszej szko\u0142y salezja\u0144skiej na Wodnej.<\/p>\n\n\n\n<p>14. Przed wej\u015bciem do ko\u015bcio\u0142a mo\u017cna u Salezjan\u00f3w Wsp\u00f3\u0142pracownik\u00f3w naby\u0107 \u015bwiece, baranki wielkanocne i palemki oraz z\u0142o\u017cy\u0107 ofiar\u0119 na kwiaty do Grobu Pa\u0144skiego.<\/p>\n\n\n\n<p>15. Przy wej\u015bciu do ko\u015bcio\u0142a s\u0105 te\u017c harcerze, u kt\u00f3rych mo\u017cna tak\u017ce naby\u0107 palemki. <\/p>\n\n\n\n<p>16. Z naszej wsp\u00f3lnoty parafialnej do wieczno\u015bci odesz\u0142a: Irena Migda\u0142, lat 91. <em>Wieczny odpoczynek racz jej da\u0107, Panie<\/em>&#8230;<\/p>\n","protected":false},"excerpt":{"rendered":"<p>1. Rozpoczynamy Wielki Tydzie\u0144, kt\u00f3rego kulminacj\u0105 b\u0119d\u0105 liturgie Triduum Paschalnego, upami\u0119tniaj\u0105ce najwa\u017cniejsze tajemnice naszej wiary \u2013 m\u0119ki, \u015bmierci i zmartwychwstania Jezusa Chrystusa. Serdecznie zach\u0119camy do uczestnictwa w tych liturgiach, zostawienia innych spraw i g\u0142\u0119bokiego zjednoczenia z Bogiem podczas tych najwa\u017cniejszych celebracji w ca\u0142ym roku. 2. Ostatnie Gorzkie \u017bale z kazaniem [&hellip;]<\/p>\n","protected":false},"author":2,"featured_media":619,"comment_status":"closed","ping_status":"closed","sticky":false,"template":"","format":"standard","meta":{"footnotes":""},"categories":[2],"tags":[],"class_list":["post-987","post","type-post","status-publish","format-standard","has-post-thumbnail","hentry","category-aktualnosci"],"_links":{"self":[{"href":"https:\/\/wspomozycielka-lodz.pl\/index.php?rest_route=\/wp\/v2\/posts\/987","targetHints":{"allow":["GET"]}}],"collection":[{"href":"https:\/\/wspomozycielka-lodz.pl\/index.php?rest_route=\/wp\/v2\/posts"}],"about":[{"href":"https:\/\/wspomozycielka-lodz.pl\/index.php?rest_route=\/wp\/v2\/types\/post"}],"author":[{"embeddable":true,"href":"https:\/\/wspomozycielka-lodz.pl\/index.php?rest_route=\/wp\/v2\/users\/2"}],"replies":[{"embeddable":true,"href":"https:\/\/wspomozycielka-lodz.pl\/index.php?rest_route=%2Fwp%2Fv2%2Fcomments&post=987"}],"version-history":[{"count":1,"href":"https:\/\/wspomozycielka-lodz.pl\/index.php?rest_route=\/wp\/v2\/posts\/987\/revisions"}],"predecessor-version":[{"id":988,"href":"https:\/\/wspomozycielka-lodz.pl\/index.php?rest_route=\/wp\/v2\/posts\/987\/revisions\/988"}],"wp:featuredmedia":[{"embeddable":true,"href":"https:\/\/wspomozycielka-lodz.pl\/index.php?rest_route=\/wp\/v2\/media\/619"}],"wp:attachment":[{"href":"https:\/\/wspomozycielka-lodz.pl\/index.php?rest_route=%2Fwp%2Fv2%2Fmedia&parent=987"}],"wp:term":[{"taxonomy":"category","embeddable":true,"href":"https:\/\/wspomozycielka-lodz.pl\/index.php?rest_route=%2Fwp%2Fv2%2Fcategories&post=987"},{"taxonomy":"post_tag","embeddable":true,"href":"https:\/\/wspomozycielka-lodz.pl\/index.php?rest_route=%2Fwp%2Fv2%2Ftags&post=987"}],"curies":[{"name":"wp","href":"https:\/\/api.w.org\/{rel}","templated":true}]}}