{"id":983,"date":"2025-04-12T21:20:32","date_gmt":"2025-04-12T19:20:32","guid":{"rendered":"https:\/\/wspomozycielka-lodz.pl\/?p=983"},"modified":"2025-04-12T21:22:53","modified_gmt":"2025-04-12T19:22:53","slug":"ogloszenia-parafialne-13-04-2025","status":"publish","type":"post","link":"https:\/\/wspomozycielka-lodz.pl\/?p=983","title":{"rendered":"OG\u0141OSZENIA PARAFIALNE (06.04.2025)"},"content":{"rendered":"\n<p>1. Nabo\u017ce\u0144stwa wielkopostne:<\/p>\n\n\n\n<ul class=\"wp-block-list\">\n<li>Droga Krzy\u017cowa dla dzieci o 16.30; dla doros\u0142ych o 17.15; dla m\u0142odzie\u017cy o 19.30.<\/li>\n\n\n\n<li>Gorzkie \u017bale z kazaniem pasyjnym w niedziele o 17.15.<\/li>\n<\/ul>\n\n\n\n<p>2. We wtorek po Mszy wieczornej zapraszamy na spotkanie czcicieli Maryi Wspomo\u017cycielki Wiernych.<\/p>\n\n\n\n<p>3. W czwartek po Mszy wieczornej adoracja Naj\u015bwi\u0119tszego Sakramentu.<\/p>\n\n\n\n<p>4. Przysz\u0142a niedziela to Niedziela Palmowa. Na ka\u017cdej Mszy b\u0119dzie po\u015bwi\u0119cenie palm. Msz\u0119 \u015bw. o godz. 11.30 rozpoczniemy na dziedzi\u0144cu domu salezja\u0144skiego i potem b\u0119dzie procesj\u0105 z palmami do ko\u015bcio\u0142a.<\/p>\n\n\n\n<p>5. Dzi\u015b i w przysz\u0142\u0105 niedziel\u0119 nasze Oratorium zaprasza na Kiermasz przed\u015bwi\u0105teczny. Przy kancelarii parafialnej &#8211; za dobrowoln\u0105 ofiar\u0119 &#8211; mo\u017cna naby\u0107 kartki \u015bwi\u0105teczne, s\u0142odkie upominki, ozdoby wielkanocne, palemki i farbki do barwienia jajek. Za to wsparcie dzia\u0142alno\u015bci religijno-formacyjnej oratorium sk\u0142adamy serdeczne \u201eB\u00f3g zap\u0142a\u0107\u201d.<\/p>\n\n\n\n<p>6. Zapraszamy w Niedziel\u0119 Palmow\u0105, 13 kwietnia, po Mszy \u015bw. o godz. 11.30 na kolejne spotkanie Oratorium rodzinnego. Niech nie zabraknie rodzic\u00f3w, dzieci, m\u0142odzie\u017cy i wszystkich ch\u0119tnych, kt\u00f3rzy b\u0119d\u0105 mogli spotka\u0107 si\u0119 w oratorium.<\/p>\n\n\n\n<p>7. Stowarzyszenie Oratorium zaprasza podopiecznych klubu \u015brodowiskowego, oratorium, wolontariuszy, lider\u00f3w, animator\u00f3w oraz wszystkich, kt\u00f3rzy tworz\u0105 to stowarzyszenie na spotkanie przed\u015bwi\u0105teczne w \u015brod\u0119, 16 kwietnia, o godz. 16.30 w sali oratoryjnej.<\/p>\n\n\n\n<p>8. Wsp\u00f3lnota Efez wraz z zespo\u0142em Ocaleni Worship zaprasza na uwielbienie w przysz\u0142\u0105 niedziel\u0119, 13 kwietnia, o godz. 19.00 w auli naszej szko\u0142y salezja\u0144skiej na Wodnej.<\/p>\n\n\n\n<p>9. Przed wej\u015bciem do ko\u015bcio\u0142a mo\u017cna u Salezjan\u00f3w Wsp\u00f3\u0142pracownik\u00f3w naby\u0107 \u015bwiece i baranki wielkanocne oraz z\u0142o\u017cy\u0107 ofiar\u0119 na kwiaty do Grobu Pa\u0144skiego. <\/p>\n\n\n\n<p>10. Dzi\u015b przeprowadzana jest zbi\u00f3rka ofiar do puszek na Fundusz Obrony \u017bycia.<\/p>\n","protected":false},"excerpt":{"rendered":"<p>1. Nabo\u017ce\u0144stwa wielkopostne: 2. We wtorek po Mszy wieczornej zapraszamy na spotkanie czcicieli Maryi Wspomo\u017cycielki Wiernych. 3. W czwartek po Mszy wieczornej adoracja Naj\u015bwi\u0119tszego Sakramentu. 4. Przysz\u0142a niedziela to Niedziela Palmowa. Na ka\u017cdej Mszy b\u0119dzie po\u015bwi\u0119cenie palm. Msz\u0119 \u015bw. o godz. 11.30 rozpoczniemy na dziedzi\u0144cu domu salezja\u0144skiego i potem b\u0119dzie [&hellip;]<\/p>\n","protected":false},"author":2,"featured_media":619,"comment_status":"open","ping_status":"open","sticky":false,"template":"","format":"standard","meta":{"footnotes":""},"categories":[2],"tags":[],"class_list":["post-983","post","type-post","status-publish","format-standard","has-post-thumbnail","hentry","category-aktualnosci"],"_links":{"self":[{"href":"https:\/\/wspomozycielka-lodz.pl\/index.php?rest_route=\/wp\/v2\/posts\/983","targetHints":{"allow":["GET"]}}],"collection":[{"href":"https:\/\/wspomozycielka-lodz.pl\/index.php?rest_route=\/wp\/v2\/posts"}],"about":[{"href":"https:\/\/wspomozycielka-lodz.pl\/index.php?rest_route=\/wp\/v2\/types\/post"}],"author":[{"embeddable":true,"href":"https:\/\/wspomozycielka-lodz.pl\/index.php?rest_route=\/wp\/v2\/users\/2"}],"replies":[{"embeddable":true,"href":"https:\/\/wspomozycielka-lodz.pl\/index.php?rest_route=%2Fwp%2Fv2%2Fcomments&post=983"}],"version-history":[{"count":2,"href":"https:\/\/wspomozycielka-lodz.pl\/index.php?rest_route=\/wp\/v2\/posts\/983\/revisions"}],"predecessor-version":[{"id":986,"href":"https:\/\/wspomozycielka-lodz.pl\/index.php?rest_route=\/wp\/v2\/posts\/983\/revisions\/986"}],"wp:featuredmedia":[{"embeddable":true,"href":"https:\/\/wspomozycielka-lodz.pl\/index.php?rest_route=\/wp\/v2\/media\/619"}],"wp:attachment":[{"href":"https:\/\/wspomozycielka-lodz.pl\/index.php?rest_route=%2Fwp%2Fv2%2Fmedia&parent=983"}],"wp:term":[{"taxonomy":"category","embeddable":true,"href":"https:\/\/wspomozycielka-lodz.pl\/index.php?rest_route=%2Fwp%2Fv2%2Fcategories&post=983"},{"taxonomy":"post_tag","embeddable":true,"href":"https:\/\/wspomozycielka-lodz.pl\/index.php?rest_route=%2Fwp%2Fv2%2Ftags&post=983"}],"curies":[{"name":"wp","href":"https:\/\/api.w.org\/{rel}","templated":true}]}}