{"id":981,"date":"2025-03-29T15:38:03","date_gmt":"2025-03-29T14:38:03","guid":{"rendered":"https:\/\/wspomozycielka-lodz.pl\/?p=981"},"modified":"2025-03-29T15:38:04","modified_gmt":"2025-03-29T14:38:04","slug":"ogloszenia-parafialne-30-03-2025","status":"publish","type":"post","link":"https:\/\/wspomozycielka-lodz.pl\/?p=981","title":{"rendered":"OG\u0141OSZENIA PARAFIALNE (30.03.2025)"},"content":{"rendered":"\n<p>1. Dzi\u015b rozpoczynamy rekolekcje parafialne, kt\u00f3ry wyg\u0142osi nam ks. Micha\u0142 S\u0142ojewski, salezjanin pracuj\u0105cy w Suwa\u0142kach. Rekolekcje potrwaj\u0105 do \u015brody. Ofiary sk\u0142adane na tac\u0119 w tych dniach s\u0105 przeznaczone dla rekolekcjonisty.<\/p>\n\n\n\n<p>2. Nabo\u017ce\u0144stwa wielkopostne:<\/p>\n\n\n\n<ul class=\"wp-block-list\">\n<li>Droga Krzy\u017cowa dla dzieci o 16.30; dla doros\u0142ych o 17.15. W przysz\u0142y pi\u0105tek nie b\u0119dzie Drogi Krzy\u017cowej dla m\u0142odzie\u017cy o 19.30, gdy\u017c w tym czasie b\u0119dzie Droga Krzy\u017cowa mi\u0119dzyparafialna, kt\u00f3ra rozpocznie si\u0119 o godz. 19.00 w ko\u015bciele \u015bw. Piotra i Paw\u0142a i zako\u0144czy w naszym ko\u015bciele.<\/li>\n\n\n\n<li>Gorzkie \u017bale z kazaniem pasyjnym w niedziele o 17.15.<\/li>\n<\/ul>\n\n\n\n<p>3. W poniedzia\u0142ek obchodzimy wspomnienie miesi\u0119czne Ksi\u0119dza Bosko.<\/p>\n\n\n\n<p>4. We wtorek na Mszy wieczornej b\u0119dziemy si\u0119 modli\u0107 za zmar\u0142ych polecanych w wypominkach.<\/p>\n\n\n\n<p>5. W \u015brod\u0119 na Mszy wieczornej b\u0119dziemy si\u0119 modli\u0107 w intencji dobrodziej\u00f3w dzie\u0142a salezja\u0144skiego oraz za nasz\u0105 Ojczyzn\u0119. Po Mszy wieczornej spotkanie Wieczernika modlitwy za kap\u0142an\u00f3w.<\/p>\n\n\n\n<p>6. W czwartek na Mszy wieczornej b\u0119dziemy si\u0119 modli\u0107 za kap\u0142an\u00f3w i osoby konsekrowane pos\u0142uguj\u0105ce w naszej parafii i o nowe powo\u0142ania. Po Mszy wieczornej adoracja Naj\u015bwi\u0119tszego Sakramentu.<\/p>\n\n\n\n<p>7. W pi\u0105tek przed po\u0142udniem odwiedziny chorych. Od godz. 15.00 Godzina Mi\u0142osierdzia i adoracja Naj\u015bwi\u0119tszego Sakramentu. Wyj\u0105tkowo w ten pi\u0105tek nie b\u0119dzie po Mszy wieczornej spotkania wsp\u00f3lnoty Stra\u017cy Honorowej ze wzgl\u0119du na mi\u0119dzyparafialn\u0105 Drog\u0119 Krzy\u017cow\u0105.<\/p>\n\n\n\n<p>8. W sobot\u0119 po Mszy porannej nabo\u017ce\u0144stwo i wymiana tajemnic r\u00f3\u017ca\u0144cowych, a po Mszy wieczornej o godz. 19.00 r\u00f3\u017caniec prowadzony przez wsp\u00f3lnot\u0119 \u017bywego R\u00f3\u017ca\u0144ca.<\/p>\n\n\n\n<p>9. Przed wej\u015bciem do ko\u015bcio\u0142a mo\u017cna u Salezjan\u00f3w Wsp\u00f3\u0142pracownik\u00f3w naby\u0107 \u015bwiece i baranki wielkanocne oraz z\u0142o\u017cy\u0107 ofiar\u0119 na kwiaty do Grobu Pa\u0144skiego.<\/p>\n\n\n\n<p>10. Dzi\u015b mo\u017cna z\u0142o\u017cy\u0107 ofiar\u0119 do puszki na Radio Maryja. <\/p>\n\n\n\n<p>11. Z naszej wsp\u00f3lnoty parafialnej do wieczno\u015bci odesz\u0142a: Krystyna Kornacka, lat 102. <em>Wieczny odpoczynek racz jej da\u0107, Panie<\/em>&#8230;<\/p>\n","protected":false},"excerpt":{"rendered":"<p>1. Dzi\u015b rozpoczynamy rekolekcje parafialne, kt\u00f3ry wyg\u0142osi nam ks. Micha\u0142 S\u0142ojewski, salezjanin pracuj\u0105cy w Suwa\u0142kach. Rekolekcje potrwaj\u0105 do \u015brody. Ofiary sk\u0142adane na tac\u0119 w tych dniach s\u0105 przeznaczone dla rekolekcjonisty. 2. Nabo\u017ce\u0144stwa wielkopostne: 3. W poniedzia\u0142ek obchodzimy wspomnienie miesi\u0119czne Ksi\u0119dza Bosko. 4. We wtorek na Mszy wieczornej b\u0119dziemy si\u0119 modli\u0107 [&hellip;]<\/p>\n","protected":false},"author":2,"featured_media":619,"comment_status":"open","ping_status":"open","sticky":false,"template":"","format":"standard","meta":{"footnotes":""},"categories":[2],"tags":[],"class_list":["post-981","post","type-post","status-publish","format-standard","has-post-thumbnail","hentry","category-aktualnosci"],"_links":{"self":[{"href":"https:\/\/wspomozycielka-lodz.pl\/index.php?rest_route=\/wp\/v2\/posts\/981","targetHints":{"allow":["GET"]}}],"collection":[{"href":"https:\/\/wspomozycielka-lodz.pl\/index.php?rest_route=\/wp\/v2\/posts"}],"about":[{"href":"https:\/\/wspomozycielka-lodz.pl\/index.php?rest_route=\/wp\/v2\/types\/post"}],"author":[{"embeddable":true,"href":"https:\/\/wspomozycielka-lodz.pl\/index.php?rest_route=\/wp\/v2\/users\/2"}],"replies":[{"embeddable":true,"href":"https:\/\/wspomozycielka-lodz.pl\/index.php?rest_route=%2Fwp%2Fv2%2Fcomments&post=981"}],"version-history":[{"count":1,"href":"https:\/\/wspomozycielka-lodz.pl\/index.php?rest_route=\/wp\/v2\/posts\/981\/revisions"}],"predecessor-version":[{"id":982,"href":"https:\/\/wspomozycielka-lodz.pl\/index.php?rest_route=\/wp\/v2\/posts\/981\/revisions\/982"}],"wp:featuredmedia":[{"embeddable":true,"href":"https:\/\/wspomozycielka-lodz.pl\/index.php?rest_route=\/wp\/v2\/media\/619"}],"wp:attachment":[{"href":"https:\/\/wspomozycielka-lodz.pl\/index.php?rest_route=%2Fwp%2Fv2%2Fmedia&parent=981"}],"wp:term":[{"taxonomy":"category","embeddable":true,"href":"https:\/\/wspomozycielka-lodz.pl\/index.php?rest_route=%2Fwp%2Fv2%2Fcategories&post=981"},{"taxonomy":"post_tag","embeddable":true,"href":"https:\/\/wspomozycielka-lodz.pl\/index.php?rest_route=%2Fwp%2Fv2%2Ftags&post=981"}],"curies":[{"name":"wp","href":"https:\/\/api.w.org\/{rel}","templated":true}]}}