{"id":978,"date":"2025-03-22T11:45:40","date_gmt":"2025-03-22T10:45:40","guid":{"rendered":"https:\/\/wspomozycielka-lodz.pl\/?p=978"},"modified":"2025-03-27T21:46:48","modified_gmt":"2025-03-27T20:46:48","slug":"ogloszenia-parafialne-23-03-2025","status":"publish","type":"post","link":"https:\/\/wspomozycielka-lodz.pl\/?p=978","title":{"rendered":"OG\u0141OSZENIA PARAFIALNE (23.03.2025)"},"content":{"rendered":"\n<p>1. Nabo\u017ce\u0144stwa wielkopostne:<\/p>\n\n\n\n<ul class=\"wp-block-list\">\n<li>Droga Krzy\u017cowa w pi\u0105tki: dla dzieci o 16.30; dla doros\u0142ych o 17.15; dla m\u0142odzie\u017cy o 19.30.<\/li>\n\n\n\n<li>Gorzkie \u017bale z kazaniem pasyjnym w niedziele o 17.15.<\/li>\n<\/ul>\n\n\n\n<p>2. Nowenna do Maryi Wspomo\u017cycielki wraz z Gorzkimi \u017balami o godz. 17.15.<\/p>\n\n\n\n<p>3. W poniedzia\u0142ek ho\u0142d ku czci Maryi Wspomo\u017cycielki o godz. 17.15.<\/p>\n\n\n\n<p>4. We wtorek obchodzimy uroczysto\u015b\u0107 Zwiastowania Pa\u0144skiego. Na Mszy wieczornej b\u0119dzie mo\u017cna w\u0142\u0105czy\u0107 si\u0119 w Dzie\u0142o Duchowej Adopcji Dziecka Pocz\u0119tego.<\/p>\n\n\n\n<p>5. W czwartek po Mszy wieczornej adoracja Naj\u015bwi\u0119tszego Sakramentu.<\/p>\n\n\n\n<p>6. W sobot\u0119 zapraszamy wszystkie grupy i wsp\u00f3lnoty parafialne na dzie\u0144 skupienia o godz. 10.00.<\/p>\n\n\n\n<p>7. W przysz\u0142\u0105 niedziel\u0119 rozpoczniemy parafialne rekolekcje wielkopostne.<\/p>\n\n\n\n<p>8. Przypominamy, \u017ce dzi\u015b po Mszy wieczornej w naszym ko\u015bciele o godz. 19.15 rozpocznie si\u0119 Misterium M\u0119ki Pa\u0144skiej, kt\u00f3re zako\u0144czy si\u0119 w ko\u015bciele \u015bw. Piotra i Paw\u0142a. Prosimy o zabranie ze sob\u0105 \u015bwiec. <\/p>\n\n\n\n<p>9. Z naszej wsp\u00f3lnoty parafialnej do wieczno\u015bci odeszli: \u0141ukasz Kostrzewa, lat 41; Anna Stawowa, lat 70. <em>Wieczny odpoczynek racz im da\u0107, Panie<\/em>&#8230;<\/p>\n\n\n\n<p>10. Przypominamy, \u017ce z soboty na niedziel\u0119 29\/30 marca nast\u0119puje zmiana czasu. <\/p>\n","protected":false},"excerpt":{"rendered":"<p>1. Nabo\u017ce\u0144stwa wielkopostne: 2. Nowenna do Maryi Wspomo\u017cycielki wraz z Gorzkimi \u017balami o godz. 17.15. 3. W poniedzia\u0142ek ho\u0142d ku czci Maryi Wspomo\u017cycielki o godz. 17.15. 4. We wtorek obchodzimy uroczysto\u015b\u0107 Zwiastowania Pa\u0144skiego. Na Mszy wieczornej b\u0119dzie mo\u017cna w\u0142\u0105czy\u0107 si\u0119 w Dzie\u0142o Duchowej Adopcji Dziecka Pocz\u0119tego. 5. W czwartek po [&hellip;]<\/p>\n","protected":false},"author":2,"featured_media":619,"comment_status":"open","ping_status":"open","sticky":false,"template":"","format":"standard","meta":{"footnotes":""},"categories":[2],"tags":[],"class_list":["post-978","post","type-post","status-publish","format-standard","has-post-thumbnail","hentry","category-aktualnosci"],"_links":{"self":[{"href":"https:\/\/wspomozycielka-lodz.pl\/index.php?rest_route=\/wp\/v2\/posts\/978","targetHints":{"allow":["GET"]}}],"collection":[{"href":"https:\/\/wspomozycielka-lodz.pl\/index.php?rest_route=\/wp\/v2\/posts"}],"about":[{"href":"https:\/\/wspomozycielka-lodz.pl\/index.php?rest_route=\/wp\/v2\/types\/post"}],"author":[{"embeddable":true,"href":"https:\/\/wspomozycielka-lodz.pl\/index.php?rest_route=\/wp\/v2\/users\/2"}],"replies":[{"embeddable":true,"href":"https:\/\/wspomozycielka-lodz.pl\/index.php?rest_route=%2Fwp%2Fv2%2Fcomments&post=978"}],"version-history":[{"count":2,"href":"https:\/\/wspomozycielka-lodz.pl\/index.php?rest_route=\/wp\/v2\/posts\/978\/revisions"}],"predecessor-version":[{"id":980,"href":"https:\/\/wspomozycielka-lodz.pl\/index.php?rest_route=\/wp\/v2\/posts\/978\/revisions\/980"}],"wp:featuredmedia":[{"embeddable":true,"href":"https:\/\/wspomozycielka-lodz.pl\/index.php?rest_route=\/wp\/v2\/media\/619"}],"wp:attachment":[{"href":"https:\/\/wspomozycielka-lodz.pl\/index.php?rest_route=%2Fwp%2Fv2%2Fmedia&parent=978"}],"wp:term":[{"taxonomy":"category","embeddable":true,"href":"https:\/\/wspomozycielka-lodz.pl\/index.php?rest_route=%2Fwp%2Fv2%2Fcategories&post=978"},{"taxonomy":"post_tag","embeddable":true,"href":"https:\/\/wspomozycielka-lodz.pl\/index.php?rest_route=%2Fwp%2Fv2%2Ftags&post=978"}],"curies":[{"name":"wp","href":"https:\/\/api.w.org\/{rel}","templated":true}]}}