{"id":976,"date":"2025-03-17T22:42:09","date_gmt":"2025-03-17T21:42:09","guid":{"rendered":"https:\/\/wspomozycielka-lodz.pl\/?p=976"},"modified":"2025-03-17T22:42:12","modified_gmt":"2025-03-17T21:42:12","slug":"ogloszenia-parafialne-16-03-2025","status":"publish","type":"post","link":"https:\/\/wspomozycielka-lodz.pl\/?p=976","title":{"rendered":"OG\u0141OSZENIA PARAFIALNE (16.03.2025)"},"content":{"rendered":"\n<p>1. Nabo\u017ce\u0144stwa wielkopostne:<\/p>\n\n\n\n<ul class=\"wp-block-list\">\n<li>Droga Krzy\u017cowa w pi\u0105tki: dla dzieci o 16.30; dla doros\u0142ych o 17.15; dla m\u0142odzie\u017cy o 19.30.<\/li>\n\n\n\n<li>Gorzkie \u017bale z kazaniem pasyjnym w niedziele o 17.15.<\/li>\n<\/ul>\n\n\n\n<p>2. Nowenna przed uroczysto\u015bci\u0105 \u015bw. J\u00f3zefa i do Maryi Wspomo\u017cycielki do wtorku o godz. 17.30. Od \u015brody sama nowenna do Matki Bo\u017cej o godz. 17.40.<\/p>\n\n\n\n<p>3. W poniedzia\u0142ek na Mszy wieczornej b\u0119dziemy si\u0119 modli\u0107 za ks. Zbigniewa Kulesz\u0119 w dniu jego imienin.<\/p>\n\n\n\n<p>4. W \u015brod\u0119 obchodzimy uroczysto\u015b\u0107 \u015bw. J\u00f3zefa. Na Mszy wieczornej b\u0119dziemy si\u0119 modli\u0107 za ks. J\u00f3zefa Pietrusika w dniu jego imienin.<\/p>\n\n\n\n<p>5. W czwartek po Mszy wieczornej adoracja Naj\u015bwi\u0119tszego Sakramentu.<\/p>\n\n\n\n<p>6. W przysz\u0142\u0105 niedziel\u0119 po Mszy \u015bw. o godz. 11.30 b\u0119dzie spotkanie dla dzieci przygotowuj\u0105cych si\u0119 do pierwszej Komunii \u015bw. i ich rodzic\u00f3w.<\/p>\n\n\n\n<p>7. W przysz\u0142\u0105 niedziel\u0119 zapraszamy na Misterium M\u0119ki Pa\u0144skiej, przygotowane przez uczni\u00f3w i pracownik\u00f3w szk\u00f3\u0142 salezja\u0144skich, m\u0142odzie\u017c z naszego oratorium oraz salezjan\u00f3w. Misterium rozpocznie si\u0119 w naszym ko\u015bciele o godz. 19.15. Wraz z Jezusem i Aposto\u0142ami udamy si\u0119 do Ogrodu Oliwnego, nast\u0119pnie do Pretorium Pi\u0142ata i na Drog\u0119 Krzy\u017cow\u0105 ulicami Starego Widzewa, kt\u00f3ra poprowadzi nas przez Golgot\u0119 do nadziei Poranka Zmartwychwstania. Misterium zako\u0144czy si\u0119 adoracj\u0105 Krzy\u017ca w ko\u015bciele \u015bw. Aposto\u0142\u00f3w Piotra i Paw\u0142a ok. godz. 20.45. Prosimy o zabranie ze sob\u0105 \u015bwiec. <\/p>\n\n\n\n<p>8. Nasze oratorium zach\u0119ca wszystkich do wsparcia jego dzia\u0142alno\u015bci przez przekazanie 1,5 % odpisu podatkowego za 2024 rok. Wystarczy w deklaracji rocznej poda\u0107 numer KRS Fundacji Nauki i Wychowania, a w rubryce \u201eCel szczeg\u00f3\u0142owy\u201d wpisa\u0107 Oratorium Dominika Savio w \u0141odzi. Informacje na ten temat znajdziemy na ulotkach przy kancelarii parafialnej, stronie internetowej oratorium i u ks. kierownika. Dzi\u0119kujemy wszystkim, kt\u00f3rzy w zesz\u0142ym roku przekazali sw\u00f3j odpis na Oratorium. Z tych \u015brodk\u00f3w zakupiono pomoce animacyjne do zaj\u0119\u0107 integracyjnych<\/p>\n","protected":false},"excerpt":{"rendered":"<p>1. Nabo\u017ce\u0144stwa wielkopostne: 2. Nowenna przed uroczysto\u015bci\u0105 \u015bw. J\u00f3zefa i do Maryi Wspomo\u017cycielki do wtorku o godz. 17.30. Od \u015brody sama nowenna do Matki Bo\u017cej o godz. 17.40. 3. W poniedzia\u0142ek na Mszy wieczornej b\u0119dziemy si\u0119 modli\u0107 za ks. Zbigniewa Kulesz\u0119 w dniu jego imienin. 4. W \u015brod\u0119 obchodzimy uroczysto\u015b\u0107 [&hellip;]<\/p>\n","protected":false},"author":2,"featured_media":619,"comment_status":"open","ping_status":"open","sticky":false,"template":"","format":"standard","meta":{"footnotes":""},"categories":[2],"tags":[],"class_list":["post-976","post","type-post","status-publish","format-standard","has-post-thumbnail","hentry","category-aktualnosci"],"_links":{"self":[{"href":"https:\/\/wspomozycielka-lodz.pl\/index.php?rest_route=\/wp\/v2\/posts\/976","targetHints":{"allow":["GET"]}}],"collection":[{"href":"https:\/\/wspomozycielka-lodz.pl\/index.php?rest_route=\/wp\/v2\/posts"}],"about":[{"href":"https:\/\/wspomozycielka-lodz.pl\/index.php?rest_route=\/wp\/v2\/types\/post"}],"author":[{"embeddable":true,"href":"https:\/\/wspomozycielka-lodz.pl\/index.php?rest_route=\/wp\/v2\/users\/2"}],"replies":[{"embeddable":true,"href":"https:\/\/wspomozycielka-lodz.pl\/index.php?rest_route=%2Fwp%2Fv2%2Fcomments&post=976"}],"version-history":[{"count":1,"href":"https:\/\/wspomozycielka-lodz.pl\/index.php?rest_route=\/wp\/v2\/posts\/976\/revisions"}],"predecessor-version":[{"id":977,"href":"https:\/\/wspomozycielka-lodz.pl\/index.php?rest_route=\/wp\/v2\/posts\/976\/revisions\/977"}],"wp:featuredmedia":[{"embeddable":true,"href":"https:\/\/wspomozycielka-lodz.pl\/index.php?rest_route=\/wp\/v2\/media\/619"}],"wp:attachment":[{"href":"https:\/\/wspomozycielka-lodz.pl\/index.php?rest_route=%2Fwp%2Fv2%2Fmedia&parent=976"}],"wp:term":[{"taxonomy":"category","embeddable":true,"href":"https:\/\/wspomozycielka-lodz.pl\/index.php?rest_route=%2Fwp%2Fv2%2Fcategories&post=976"},{"taxonomy":"post_tag","embeddable":true,"href":"https:\/\/wspomozycielka-lodz.pl\/index.php?rest_route=%2Fwp%2Fv2%2Ftags&post=976"}],"curies":[{"name":"wp","href":"https:\/\/api.w.org\/{rel}","templated":true}]}}