{"id":974,"date":"2025-03-08T22:02:46","date_gmt":"2025-03-08T21:02:46","guid":{"rendered":"https:\/\/wspomozycielka-lodz.pl\/?p=974"},"modified":"2025-03-08T22:02:46","modified_gmt":"2025-03-08T21:02:46","slug":"ogloszenia-parafialne-9-03-2025","status":"publish","type":"post","link":"https:\/\/wspomozycielka-lodz.pl\/?p=974","title":{"rendered":"OG\u0141OSZENIA PARAFIALNE (9.03.2025)"},"content":{"rendered":"\n<p>1. Nabo\u017ce\u0144stwa wielkopostne:<\/p>\n\n\n\n<ul class=\"wp-block-list\">\n<li>Droga Krzy\u017cowa w pi\u0105tki: dla dzieci o 16.30; dla doros\u0142ych o 17.15; dla m\u0142odzie\u017cy o 19.30.<\/li>\n\n\n\n<li>Gorzkie \u017bale z kazaniem pasyjnym w niedziele o 17.15.<\/li>\n<\/ul>\n\n\n\n<p>2. W poniedzia\u0142ek rozpoczniemy nowenn\u0119 przed uroczysto\u015bci\u0105 \u015bw. J\u00f3zefa o godz. 17.40.<\/p>\n\n\n\n<p>3. W \u015brod\u0119 na Mszy wieczornej b\u0119dziemy si\u0119 modli\u0107 za brata Grzegorza Nowaka w dniu jego imienin.<\/p>\n\n\n\n<p>4. W czwartek po Mszy wieczornej adoracja Naj\u015bwi\u0119tszego Sakramentu.<\/p>\n\n\n\n<p>5. W sobot\u0119 rozpoczniemy nowenn\u0119 do Maryi Wspomo\u017cycielki, kt\u00f3ra wraz z nowenn\u0105 do \u015bw. J\u00f3zefa b\u0119dzie o 17.30.<\/p>\n\n\n\n<p>6. W przysz\u0142\u0105 niedziel\u0119 po Mszy \u015bw. o godz. 11.30 b\u0119dzie spotkanie dla kandydat\u00f3w do bierzmowania. <\/p>\n\n\n\n<p>7. Nasze Oratorium zaprasza dzi\u015b na kolejne spotkanie w ramach \u201eOratorium rodzinnego\u201d po Mszy \u015bw. o godz. 11.30.<\/p>\n","protected":false},"excerpt":{"rendered":"<p>1. Nabo\u017ce\u0144stwa wielkopostne: 2. W poniedzia\u0142ek rozpoczniemy nowenn\u0119 przed uroczysto\u015bci\u0105 \u015bw. J\u00f3zefa o godz. 17.40. 3. W \u015brod\u0119 na Mszy wieczornej b\u0119dziemy si\u0119 modli\u0107 za brata Grzegorza Nowaka w dniu jego imienin. 4. W czwartek po Mszy wieczornej adoracja Naj\u015bwi\u0119tszego Sakramentu. 5. W sobot\u0119 rozpoczniemy nowenn\u0119 do Maryi Wspomo\u017cycielki, kt\u00f3ra [&hellip;]<\/p>\n","protected":false},"author":2,"featured_media":619,"comment_status":"open","ping_status":"open","sticky":false,"template":"","format":"standard","meta":{"footnotes":""},"categories":[2],"tags":[],"class_list":["post-974","post","type-post","status-publish","format-standard","has-post-thumbnail","hentry","category-aktualnosci"],"_links":{"self":[{"href":"https:\/\/wspomozycielka-lodz.pl\/index.php?rest_route=\/wp\/v2\/posts\/974","targetHints":{"allow":["GET"]}}],"collection":[{"href":"https:\/\/wspomozycielka-lodz.pl\/index.php?rest_route=\/wp\/v2\/posts"}],"about":[{"href":"https:\/\/wspomozycielka-lodz.pl\/index.php?rest_route=\/wp\/v2\/types\/post"}],"author":[{"embeddable":true,"href":"https:\/\/wspomozycielka-lodz.pl\/index.php?rest_route=\/wp\/v2\/users\/2"}],"replies":[{"embeddable":true,"href":"https:\/\/wspomozycielka-lodz.pl\/index.php?rest_route=%2Fwp%2Fv2%2Fcomments&post=974"}],"version-history":[{"count":1,"href":"https:\/\/wspomozycielka-lodz.pl\/index.php?rest_route=\/wp\/v2\/posts\/974\/revisions"}],"predecessor-version":[{"id":975,"href":"https:\/\/wspomozycielka-lodz.pl\/index.php?rest_route=\/wp\/v2\/posts\/974\/revisions\/975"}],"wp:featuredmedia":[{"embeddable":true,"href":"https:\/\/wspomozycielka-lodz.pl\/index.php?rest_route=\/wp\/v2\/media\/619"}],"wp:attachment":[{"href":"https:\/\/wspomozycielka-lodz.pl\/index.php?rest_route=%2Fwp%2Fv2%2Fmedia&parent=974"}],"wp:term":[{"taxonomy":"category","embeddable":true,"href":"https:\/\/wspomozycielka-lodz.pl\/index.php?rest_route=%2Fwp%2Fv2%2Fcategories&post=974"},{"taxonomy":"post_tag","embeddable":true,"href":"https:\/\/wspomozycielka-lodz.pl\/index.php?rest_route=%2Fwp%2Fv2%2Ftags&post=974"}],"curies":[{"name":"wp","href":"https:\/\/api.w.org\/{rel}","templated":true}]}}