{"id":972,"date":"2025-03-01T12:42:21","date_gmt":"2025-03-01T11:42:21","guid":{"rendered":"https:\/\/wspomozycielka-lodz.pl\/?p=972"},"modified":"2025-03-01T12:42:30","modified_gmt":"2025-03-01T11:42:30","slug":"ogloszenia-parafialne-2-03-2025","status":"publish","type":"post","link":"https:\/\/wspomozycielka-lodz.pl\/?p=972","title":{"rendered":"OG\u0141OSZENIA PARAFIALNE (2.03.2025)"},"content":{"rendered":"\n<p>1. We wtorek na Mszy wieczornej b\u0119dziemy si\u0119 modli\u0107 za zmar\u0142ych polecanych w wypominkach.<\/p>\n\n\n\n<p>2. Najbli\u017csza \u015broda to \u015aroda Popielcowa rozpoczynaj\u0105ca okres Wielkiego Postu. Msze \u015bw. w tym dniu o godz. 7.30 i 18.00 &#8211; na ka\u017cdej obrz\u0119d posypania g\u0142\u00f3w popio\u0142em na znak pokuty. Ofiary sk\u0142adane w ten dzie\u0144 przeznaczona s\u0105 na dzie\u0142a charytatywne \u0142\u00f3dzkiej Caritas.<\/p>\n\n\n\n<p>3. Przypominamy, \u017ce w \u015arod\u0119 Popielcow\u0105 obowi\u0105zuje wstrzemi\u0119\u017aliwo\u015b\u0107 od pokarm\u00f3w mi\u0119snych dla wszystkich powy\u017cej 14. roku \u017cycia oraz post \u015bcis\u0142y (ilo\u015bciowy) dla os\u00f3b pe\u0142noletnich a\u017c do rozpocz\u0119cia 60. roku \u017cycia.<\/p>\n\n\n\n<p>4. Wraz z Wielkim Postem rozpoczynamy tradycyjne nabo\u017ce\u0144stwa:<\/p>\n\n\n\n<ul class=\"wp-block-list\">\n<li>Droga Krzy\u017cowa w pi\u0105tki: dla dzieci o 16.30; dla doros\u0142ych o 17.15; dla m\u0142odzie\u017cy o 19.30.<\/li>\n\n\n\n<li>Gorzkie \u017bale z kazaniem pasyjnym w niedziele o 17.15.<\/li>\n<\/ul>\n\n\n\n<p>5. Na Mszy wieczornej w \u015brod\u0119 b\u0119dziemy si\u0119 modli\u0107 w intencji dobrodziej\u00f3w dzie\u0142a salezja\u0144skiego oraz za nasz\u0105 Ojczyzn\u0119. Po Mszy wieczornej spotkanie Wieczernika modlitwy za kap\u0142an\u00f3w.<\/p>\n\n\n\n<p>6. W czwartek na Mszy wieczornej b\u0119dziemy si\u0119 modli\u0107 za kap\u0142an\u00f3w i osoby konsekrowane pos\u0142uguj\u0105ce w naszej parafii i o nowe powo\u0142ania. Po Mszy wieczornej adoracja Naj\u015bwi\u0119tszego Sakramentu.<\/p>\n\n\n\n<p>7. W pi\u0105tek przed po\u0142udniem odwiedziny chorych. Od godz. 15.00 Godzina Mi\u0142osierdzia i adoracja Naj\u015bwi\u0119tszego Sakramentu. Po Mszy wieczornej spotkanie wsp\u00f3lnoty Stra\u017cy Honorowej NSPJ.<\/p>\n\n\n\n<p>8. W przysz\u0142\u0105 niedziel\u0119 po Mszy \u015bw. o godz. 11.30 b\u0119dzie spotkanie Salezjan\u00f3w Wsp\u00f3\u0142pracownik\u00f3w.<\/p>\n\n\n\n<p>9. W przysz\u0142\u0105 sobot\u0119 kl. Chrispin, kt\u00f3ry by\u0142 w naszej wsp\u00f3lnocie salezja\u0144skiej przez prawie dwa lata na praktyce wychowawczo-duszpasterskiej, przyjmie w Krakowie pos\u0142ug\u0119 lektoratu. Otoczmy go nasz\u0105 modlitw\u0105.<\/p>\n\n\n\n<p>10. Na stoliku przy wej\u015bciu do ko\u015bcio\u0142a s\u0105 skarbonki, kt\u00f3re mo\u017cna zabra\u0107 i w ramach ja\u0142mu\u017cny wielkopostnej uzbiera\u0107 pieni\u0105dze jako owoc naszych wyrzecze\u0144. Skarbonki mo\u017cna przynie\u015b\u0107 do ko\u015bcio\u0142a na koniec Wielkiego Postu, a zebrane \u015brodki b\u0119d\u0105 przeznaczone na pomoc osobom potrzebuj\u0105cym.<\/p>\n\n\n\n<p>11. Nasze oratorium dzi\u0119kuje wszystkim, kt\u00f3rzy przyczynili si\u0119 do organizacji i przeprowadzenia \u201eFerii z ora\u201d: salezjanom, Zespo\u0142owi Szk\u00f3\u0142 Salezja\u0144skich im. Ks. Bosko, ofiarodawcom z parafii, wychowawcom, wolontariuszom, animatorom i liderom oratorium. Z zaj\u0119\u0107 skorzysta\u0142o w sumie 28 os\u00f3b. Pragniemy tak\u017ce serdecznie zaprosi\u0107 na kolejne spotkanie w ramach \u201eOratorium rodzinnego\u201d w przysz\u0142\u0105 niedziel\u0119 po Mszy \u015bw. o godz. 11.30. <\/p>\n\n\n\n<p>12. Z naszej wsp\u00f3lnoty parafialnej do wieczno\u015bci odszed\u0142: Ryszard Czeladzi\u0144ski, lat 78. <em>Wieczny odpoczynek racz jej da\u0107, Panie<\/em>&#8230;<\/p>\n","protected":false},"excerpt":{"rendered":"<p>1. We wtorek na Mszy wieczornej b\u0119dziemy si\u0119 modli\u0107 za zmar\u0142ych polecanych w wypominkach. 2. Najbli\u017csza \u015broda to \u015aroda Popielcowa rozpoczynaj\u0105ca okres Wielkiego Postu. Msze \u015bw. w tym dniu o godz. 7.30 i 18.00 &#8211; na ka\u017cdej obrz\u0119d posypania g\u0142\u00f3w popio\u0142em na znak pokuty. Ofiary sk\u0142adane w ten dzie\u0144 przeznaczona [&hellip;]<\/p>\n","protected":false},"author":2,"featured_media":619,"comment_status":"open","ping_status":"open","sticky":false,"template":"","format":"standard","meta":{"footnotes":""},"categories":[2],"tags":[],"class_list":["post-972","post","type-post","status-publish","format-standard","has-post-thumbnail","hentry","category-aktualnosci"],"_links":{"self":[{"href":"https:\/\/wspomozycielka-lodz.pl\/index.php?rest_route=\/wp\/v2\/posts\/972","targetHints":{"allow":["GET"]}}],"collection":[{"href":"https:\/\/wspomozycielka-lodz.pl\/index.php?rest_route=\/wp\/v2\/posts"}],"about":[{"href":"https:\/\/wspomozycielka-lodz.pl\/index.php?rest_route=\/wp\/v2\/types\/post"}],"author":[{"embeddable":true,"href":"https:\/\/wspomozycielka-lodz.pl\/index.php?rest_route=\/wp\/v2\/users\/2"}],"replies":[{"embeddable":true,"href":"https:\/\/wspomozycielka-lodz.pl\/index.php?rest_route=%2Fwp%2Fv2%2Fcomments&post=972"}],"version-history":[{"count":1,"href":"https:\/\/wspomozycielka-lodz.pl\/index.php?rest_route=\/wp\/v2\/posts\/972\/revisions"}],"predecessor-version":[{"id":973,"href":"https:\/\/wspomozycielka-lodz.pl\/index.php?rest_route=\/wp\/v2\/posts\/972\/revisions\/973"}],"wp:featuredmedia":[{"embeddable":true,"href":"https:\/\/wspomozycielka-lodz.pl\/index.php?rest_route=\/wp\/v2\/media\/619"}],"wp:attachment":[{"href":"https:\/\/wspomozycielka-lodz.pl\/index.php?rest_route=%2Fwp%2Fv2%2Fmedia&parent=972"}],"wp:term":[{"taxonomy":"category","embeddable":true,"href":"https:\/\/wspomozycielka-lodz.pl\/index.php?rest_route=%2Fwp%2Fv2%2Fcategories&post=972"},{"taxonomy":"post_tag","embeddable":true,"href":"https:\/\/wspomozycielka-lodz.pl\/index.php?rest_route=%2Fwp%2Fv2%2Ftags&post=972"}],"curies":[{"name":"wp","href":"https:\/\/api.w.org\/{rel}","templated":true}]}}