{"id":970,"date":"2025-02-23T14:15:37","date_gmt":"2025-02-23T13:15:37","guid":{"rendered":"https:\/\/wspomozycielka-lodz.pl\/?p=970"},"modified":"2025-02-23T14:15:40","modified_gmt":"2025-02-23T13:15:40","slug":"ogloszenia-parafialne-23-02-2025","status":"publish","type":"post","link":"https:\/\/wspomozycielka-lodz.pl\/?p=970","title":{"rendered":"OG\u0141OSZENIA PARAFIALNE (23.02.2025)"},"content":{"rendered":"\n<p>1. Nowenna do Maryi Wspomo\u017cycielki dzi\u015b o godz. 17.40.<\/p>\n\n\n\n<p>2. W poniedzia\u0142ek ho\u0142d ku czci Maryi Wspomo\u017cycielki o godz. 17.15.<\/p>\n\n\n\n<p>3. W czwartek po Mszy wieczornej adoracja Naj\u015bwi\u0119tszego Sakramentu.<\/p>\n\n\n\n<p>4. W sobot\u0119 po Mszy porannej nabo\u017ce\u0144stwo i wymiana tajemnic r\u00f3\u017ca\u0144cowych, a po Mszy wieczornej o godz. 19.00 r\u00f3\u017caniec prowadzony przez wsp\u00f3lnot\u0119 \u017bywego R\u00f3\u017ca\u0144ca.<\/p>\n\n\n\n<p>5. Dzi\u015b mo\u017cna z\u0142o\u017cy\u0107 ofiar\u0119 na Radio Maryja. <\/p>\n\n\n\n<p>6. Z naszej wsp\u00f3lnoty parafialnej do wieczno\u015bci odesz\u0142a: Maria Maciejewska, lat 75. <em>Wieczny odpoczynek racz jej da\u0107, Panie<\/em>&#8230;<\/p>\n","protected":false},"excerpt":{"rendered":"<p>1. Nowenna do Maryi Wspomo\u017cycielki dzi\u015b o godz. 17.40. 2. W poniedzia\u0142ek ho\u0142d ku czci Maryi Wspomo\u017cycielki o godz. 17.15. 3. W czwartek po Mszy wieczornej adoracja Naj\u015bwi\u0119tszego Sakramentu. 4. W sobot\u0119 po Mszy porannej nabo\u017ce\u0144stwo i wymiana tajemnic r\u00f3\u017ca\u0144cowych, a po Mszy wieczornej o godz. 19.00 r\u00f3\u017caniec prowadzony przez [&hellip;]<\/p>\n","protected":false},"author":2,"featured_media":619,"comment_status":"open","ping_status":"open","sticky":false,"template":"","format":"standard","meta":{"footnotes":""},"categories":[2],"tags":[],"class_list":["post-970","post","type-post","status-publish","format-standard","has-post-thumbnail","hentry","category-aktualnosci"],"_links":{"self":[{"href":"https:\/\/wspomozycielka-lodz.pl\/index.php?rest_route=\/wp\/v2\/posts\/970","targetHints":{"allow":["GET"]}}],"collection":[{"href":"https:\/\/wspomozycielka-lodz.pl\/index.php?rest_route=\/wp\/v2\/posts"}],"about":[{"href":"https:\/\/wspomozycielka-lodz.pl\/index.php?rest_route=\/wp\/v2\/types\/post"}],"author":[{"embeddable":true,"href":"https:\/\/wspomozycielka-lodz.pl\/index.php?rest_route=\/wp\/v2\/users\/2"}],"replies":[{"embeddable":true,"href":"https:\/\/wspomozycielka-lodz.pl\/index.php?rest_route=%2Fwp%2Fv2%2Fcomments&post=970"}],"version-history":[{"count":1,"href":"https:\/\/wspomozycielka-lodz.pl\/index.php?rest_route=\/wp\/v2\/posts\/970\/revisions"}],"predecessor-version":[{"id":971,"href":"https:\/\/wspomozycielka-lodz.pl\/index.php?rest_route=\/wp\/v2\/posts\/970\/revisions\/971"}],"wp:featuredmedia":[{"embeddable":true,"href":"https:\/\/wspomozycielka-lodz.pl\/index.php?rest_route=\/wp\/v2\/media\/619"}],"wp:attachment":[{"href":"https:\/\/wspomozycielka-lodz.pl\/index.php?rest_route=%2Fwp%2Fv2%2Fmedia&parent=970"}],"wp:term":[{"taxonomy":"category","embeddable":true,"href":"https:\/\/wspomozycielka-lodz.pl\/index.php?rest_route=%2Fwp%2Fv2%2Fcategories&post=970"},{"taxonomy":"post_tag","embeddable":true,"href":"https:\/\/wspomozycielka-lodz.pl\/index.php?rest_route=%2Fwp%2Fv2%2Ftags&post=970"}],"curies":[{"name":"wp","href":"https:\/\/api.w.org\/{rel}","templated":true}]}}