{"id":964,"date":"2025-02-08T22:01:09","date_gmt":"2025-02-08T21:01:09","guid":{"rendered":"https:\/\/wspomozycielka-lodz.pl\/?p=964"},"modified":"2025-02-10T20:28:21","modified_gmt":"2025-02-10T19:28:21","slug":"ogloszenia-parafialne-9-02-2025","status":"publish","type":"post","link":"https:\/\/wspomozycielka-lodz.pl\/?p=964","title":{"rendered":"OG\u0141OSZENIA PARAFIALNE (9.02.2025)"},"content":{"rendered":"\n<p>1. We wtorek z racji \u015awiatowego Dnia Chorego, obchodzonego we wspomnienie Matki Bo\u017cej z Lourdes, osoby chore i starsze b\u0119d\u0105 mog\u0142y otrzyma\u0107 sakrament namaszczenia chorych po ka\u017cdej Mszy \u015bw.<\/p>\n\n\n\n<p>2. W czwartek po Mszy wieczornej adoracja Naj\u015bwi\u0119tszego Sakramentu.<\/p>\n\n\n\n<p>3. W sobot\u0119 rozpoczniemy nowenn\u0119 do Maryi Wspomo\u017cycielki o godz. 17.40.<\/p>\n\n\n\n<p>4. Przypominamy, \u017ce dzi\u015b po Mszy \u015bw. o godz. 18.00 b\u0119dzie spotkanie na temat naturalnych metod planowania rodziny, prowadzone przez naszych parafian, pa\u0144stwo Monik\u0119 i Grzegorza Goli\u0144skich, nauczycieli z ligi Ma\u0142\u017ce\u0144stwo Ma\u0142\u017ce\u0144stwu.<\/p>\n\n\n\n<p>5. Wsp\u00f3lnota Efez wraz z zespo\u0142em Ocaleni Worship zapraszaj\u0105 na uwielbienie organizowane dzi\u015b wieczorem w auli naszej szko\u0142y salezja\u0144skiej. Uwielbienie rozpocznie si\u0119 Msz\u0105 \u015bw. o godz. 18.00.<\/p>\n\n\n\n<p>6. Salezja\u0144ska Og\u00f3lnokszta\u0142c\u0105ca Szko\u0142a Muzyczna II stopnia w Lutomiersku przyjmuje zapisy na rok szkolny 2025\/2026. Do szko\u0142y, kt\u00f3rej przedmiotem g\u0142\u00f3wnym s\u0105 organy lub fortepian, przyjmowani s\u0105 uczniowie po uko\u0144czonej szkole podstawowej i z przygotowaniem muzycznym. Podczas nauki jest mo\u017cliwo\u015b\u0107 zamieszkania w internacie. Szko\u0142a stawia sobie za cel wykszta\u0142cenie profesjonalnej kadry organist\u00f3w, pianist\u00f3w i muzyk\u00f3w przygotowanych zar\u00f3wno do pracy w parafii jak i do podj\u0119cia studi\u00f3w muzycznych. Nab\u00f3r odbywa si\u0119 poza internetowym systemem rekrutacji. Szczeg\u00f3\u0142owe informacje na stronie internetowej szko\u0142y.<\/p>\n\n\n\n<p>7. Oratorium zaprasza dzi\u015b po Mszy \u015bw. o 11.30 na spotkanie i zaj\u0119cia w ramach \u201eOratorium Rodzinnego\u201d. Dla rodzic\u00f3w, dziadk\u00f3w i wszystkich ch\u0119tnych ma to by\u0107 czas spotkania, wypicia kawy lub herbaty; dla dzieci przewidujemy te\u017c wsp\u00f3ln\u0105 zabaw\u0119. Zaj\u0119cia ko\u0144cz\u0105 si\u0119 o 13.20.<\/p>\n\n\n\n<p>8. W czasie ferii zimowych nasze oratorium zaprasza dzieci i m\u0142odzie\u017c szkoln\u0105 na swoje zaj\u0119cia. Przeznaczone s\u0105 one dla os\u00f3b zapisanych do klubu \u015brodowiskowego i oratorium. Zapewniamy opiek\u0119, wyj\u015bcia, pocz\u0119stunek od poniedzia\u0142ku do pi\u0105tku w godzinach od 9.00 do 16.00 . Wype\u0142nione zgody nale\u017cy dostarczy\u0107 do 12 lutego do kierownika oratorium \u2013 ks. Piotra.<\/p>\n\n\n\n<p>9. Dzi\u015b mo\u017cna te\u017c wesprze\u0107 ofiar\u0105 do puszki feryjny wypoczynek organizowany przez oratorium. Za ten dar serca sk\u0142adamy serdeczne \u201eB\u00f3g zap\u0142a\u0107\u201d.<\/p>\n","protected":false},"excerpt":{"rendered":"<p>1. We wtorek z racji \u015awiatowego Dnia Chorego, obchodzonego we wspomnienie Matki Bo\u017cej z Lourdes, osoby chore i starsze b\u0119d\u0105 mog\u0142y otrzyma\u0107 sakrament namaszczenia chorych po ka\u017cdej Mszy \u015bw. 2. W czwartek po Mszy wieczornej adoracja Naj\u015bwi\u0119tszego Sakramentu. 3. W sobot\u0119 rozpoczniemy nowenn\u0119 do Maryi Wspomo\u017cycielki o godz. 17.40. 4. [&hellip;]<\/p>\n","protected":false},"author":2,"featured_media":619,"comment_status":"open","ping_status":"open","sticky":false,"template":"","format":"standard","meta":{"footnotes":""},"categories":[2],"tags":[],"class_list":["post-964","post","type-post","status-publish","format-standard","has-post-thumbnail","hentry","category-aktualnosci"],"_links":{"self":[{"href":"https:\/\/wspomozycielka-lodz.pl\/index.php?rest_route=\/wp\/v2\/posts\/964","targetHints":{"allow":["GET"]}}],"collection":[{"href":"https:\/\/wspomozycielka-lodz.pl\/index.php?rest_route=\/wp\/v2\/posts"}],"about":[{"href":"https:\/\/wspomozycielka-lodz.pl\/index.php?rest_route=\/wp\/v2\/types\/post"}],"author":[{"embeddable":true,"href":"https:\/\/wspomozycielka-lodz.pl\/index.php?rest_route=\/wp\/v2\/users\/2"}],"replies":[{"embeddable":true,"href":"https:\/\/wspomozycielka-lodz.pl\/index.php?rest_route=%2Fwp%2Fv2%2Fcomments&post=964"}],"version-history":[{"count":2,"href":"https:\/\/wspomozycielka-lodz.pl\/index.php?rest_route=\/wp\/v2\/posts\/964\/revisions"}],"predecessor-version":[{"id":967,"href":"https:\/\/wspomozycielka-lodz.pl\/index.php?rest_route=\/wp\/v2\/posts\/964\/revisions\/967"}],"wp:featuredmedia":[{"embeddable":true,"href":"https:\/\/wspomozycielka-lodz.pl\/index.php?rest_route=\/wp\/v2\/media\/619"}],"wp:attachment":[{"href":"https:\/\/wspomozycielka-lodz.pl\/index.php?rest_route=%2Fwp%2Fv2%2Fmedia&parent=964"}],"wp:term":[{"taxonomy":"category","embeddable":true,"href":"https:\/\/wspomozycielka-lodz.pl\/index.php?rest_route=%2Fwp%2Fv2%2Fcategories&post=964"},{"taxonomy":"post_tag","embeddable":true,"href":"https:\/\/wspomozycielka-lodz.pl\/index.php?rest_route=%2Fwp%2Fv2%2Ftags&post=964"}],"curies":[{"name":"wp","href":"https:\/\/api.w.org\/{rel}","templated":true}]}}