{"id":962,"date":"2025-02-01T10:01:52","date_gmt":"2025-02-01T09:01:52","guid":{"rendered":"https:\/\/wspomozycielka-lodz.pl\/?p=962"},"modified":"2025-02-01T10:01:53","modified_gmt":"2025-02-01T09:01:53","slug":"ogloszenia-parafialne-02-02-2025","status":"publish","type":"post","link":"https:\/\/wspomozycielka-lodz.pl\/?p=962","title":{"rendered":"OG\u0141OSZENIA PARAFIALNE (02.02.2025)"},"content":{"rendered":"\n<p>1. W poniedzia\u0142ek we wspomnienie \u015bw. B\u0142a\u017ceja po Mszach \u015bw. b\u0119dzie b\u0142ogos\u0142awie\u0144stwo gard\u0142a.<\/p>\n\n\n\n<p>2. We wtorek na Mszy wieczornej b\u0119dziemy si\u0119 modli\u0107 za zmar\u0142ych polecanych w wypominkach.<\/p>\n\n\n\n<p>3. W \u015brod\u0119 we wspomnienie \u015bw. Agaty pob\u0142ogos\u0142awimy chleb. Na Mszy wieczornej b\u0119dziemy si\u0119 modli\u0107 w intencji dobrodziej\u00f3w dzie\u0142a salezja\u0144skiego oraz za nasz\u0105 Ojczyzn\u0119. Po Mszy wieczornej spotkanie Wieczernika modlitwy za kap\u0142an\u00f3w.<\/p>\n\n\n\n<p>4. W czwartek na Mszy wieczornej b\u0119dziemy si\u0119 modli\u0107 za kap\u0142an\u00f3w i osoby konsekrowane pos\u0142uguj\u0105ce w naszej parafii i o nowe powo\u0142ania. Po Mszy wieczornej adoracja Naj\u015bwi\u0119tszego Sakramentu.<\/p>\n\n\n\n<p>5. W pi\u0105tek od godz. 15.00 Godzina Mi\u0142osierdzia i adoracja Naj\u015bwi\u0119tszego Sakramentu. Po Mszy wieczornej spotkanie wsp\u00f3lnoty Stra\u017cy Honorowej NSPJ.<\/p>\n\n\n\n<p>6. W sobot\u0119 kard. Grzegorz Ry\u015b zaprasza na czwarty Rejonowy Synodalny Dzie\u0144 Skupienia, kt\u00f3ry odb\u0119dzie si\u0119 w parafii \u015bw. Piotra i Paw\u0142a w godz. 10.00-13.30.<\/p>\n\n\n\n<p>7. W przysz\u0142\u0105 niedziel\u0119 po Mszy \u015bw. o godz. 11.30 b\u0119dzie spotkanie Salezjan\u00f3w Wsp\u00f3\u0142pracownik\u00f3w.<\/p>\n\n\n\n<p>8. W przysz\u0142\u0105 niedziel\u0119 te\u017c po Mszy \u015bw. o godz. 18.00 zapraszamy na spotkanie na temat naturalnych metod planowania rodziny, prowadzone przez naszych parafian, pa\u0144stwo Monik\u0119 i Grzegorza Goli\u0144skich, nauczycieli z ligi Ma\u0142\u017ce\u0144stwo Ma\u0142\u017ce\u0144stwu.<\/p>\n\n\n\n<p>9. Rozpocz\u0119\u0142a si\u0119 rekrutacja na przysz\u0142y rok szkolny do technikum i szko\u0142y bran\u017cowej w Salezja\u0144skich Szko\u0142ach Rzemios\u0142. Najbli\u017cszy dzie\u0144 otwarty b\u0119dzie mia\u0142 miejsce w niedziel\u0119 9 lutego i rozpocznie si\u0119 Msz\u0105 \u015bw. o godz. 10.00 w naszym ko\u015bciele. Po Mszy \u015bw. b\u0119dzie mo\u017cliwo\u015b\u0107 zwiedzenia obiekt\u00f3w szko\u0142y przy ul. Wodnej i na Politechnice \u0141\u00f3dzkiej oraz rozmowy z uczniami i nauczycielami. Szczeg\u00f3\u0142owe informacje na stronie internetowej szko\u0142y.<\/p>\n\n\n\n<p>10. Archidiecezja \u0141\u00f3dzka oraz Ko\u015bci\u00f3\u0142 Bo\u017cy w Chrystusie \u201eDruga Szansa\u201d zapraszaj\u0105 na konferencj\u0119 \u201ePrzysta\u0144 Ojca\u201d, kt\u00f3ra odb\u0119dzie si\u0119 15 lutego przy ul. Wodnej 34. Celem konferencji jest bli\u017csze poznanie Boga jako Ojca, aby ka\u017cdy z uczestnik\u00f3w osobi\u015bcie do\u015bwiadczy\u0142 Bo\u017cej mi\u0142o\u015bci i obecno\u015bci, niezale\u017cnie od bolesnych do\u015bwiadcze\u0144. Zapisy na stronie: www.przystanojca.zapisani.pl <\/p>\n\n\n\n<p>11. Z racji obchodzonego dzi\u015b Dnia \u017bycia Konsekrowanego zbierane s\u0105 ofiary do puszek na pomoc zakonom kontemplacyjnym w naszej archidiecezji.<\/p>\n","protected":false},"excerpt":{"rendered":"<p>1. W poniedzia\u0142ek we wspomnienie \u015bw. B\u0142a\u017ceja po Mszach \u015bw. b\u0119dzie b\u0142ogos\u0142awie\u0144stwo gard\u0142a. 2. We wtorek na Mszy wieczornej b\u0119dziemy si\u0119 modli\u0107 za zmar\u0142ych polecanych w wypominkach. 3. W \u015brod\u0119 we wspomnienie \u015bw. Agaty pob\u0142ogos\u0142awimy chleb. Na Mszy wieczornej b\u0119dziemy si\u0119 modli\u0107 w intencji dobrodziej\u00f3w dzie\u0142a salezja\u0144skiego oraz za nasz\u0105 [&hellip;]<\/p>\n","protected":false},"author":2,"featured_media":619,"comment_status":"open","ping_status":"open","sticky":false,"template":"","format":"standard","meta":{"footnotes":""},"categories":[2],"tags":[],"class_list":["post-962","post","type-post","status-publish","format-standard","has-post-thumbnail","hentry","category-aktualnosci"],"_links":{"self":[{"href":"https:\/\/wspomozycielka-lodz.pl\/index.php?rest_route=\/wp\/v2\/posts\/962","targetHints":{"allow":["GET"]}}],"collection":[{"href":"https:\/\/wspomozycielka-lodz.pl\/index.php?rest_route=\/wp\/v2\/posts"}],"about":[{"href":"https:\/\/wspomozycielka-lodz.pl\/index.php?rest_route=\/wp\/v2\/types\/post"}],"author":[{"embeddable":true,"href":"https:\/\/wspomozycielka-lodz.pl\/index.php?rest_route=\/wp\/v2\/users\/2"}],"replies":[{"embeddable":true,"href":"https:\/\/wspomozycielka-lodz.pl\/index.php?rest_route=%2Fwp%2Fv2%2Fcomments&post=962"}],"version-history":[{"count":1,"href":"https:\/\/wspomozycielka-lodz.pl\/index.php?rest_route=\/wp\/v2\/posts\/962\/revisions"}],"predecessor-version":[{"id":963,"href":"https:\/\/wspomozycielka-lodz.pl\/index.php?rest_route=\/wp\/v2\/posts\/962\/revisions\/963"}],"wp:featuredmedia":[{"embeddable":true,"href":"https:\/\/wspomozycielka-lodz.pl\/index.php?rest_route=\/wp\/v2\/media\/619"}],"wp:attachment":[{"href":"https:\/\/wspomozycielka-lodz.pl\/index.php?rest_route=%2Fwp%2Fv2%2Fmedia&parent=962"}],"wp:term":[{"taxonomy":"category","embeddable":true,"href":"https:\/\/wspomozycielka-lodz.pl\/index.php?rest_route=%2Fwp%2Fv2%2Fcategories&post=962"},{"taxonomy":"post_tag","embeddable":true,"href":"https:\/\/wspomozycielka-lodz.pl\/index.php?rest_route=%2Fwp%2Fv2%2Ftags&post=962"}],"curies":[{"name":"wp","href":"https:\/\/api.w.org\/{rel}","templated":true}]}}