{"id":957,"date":"2025-01-25T19:33:54","date_gmt":"2025-01-25T18:33:54","guid":{"rendered":"https:\/\/wspomozycielka-lodz.pl\/?p=957"},"modified":"2025-01-29T11:06:15","modified_gmt":"2025-01-29T10:06:15","slug":"ogloszenia-parafialne-26-01-2025","status":"publish","type":"post","link":"https:\/\/wspomozycielka-lodz.pl\/?p=957","title":{"rendered":"OG\u0141OSZENIA PARAFIALNE (26.01.2025)"},"content":{"rendered":"\n<p>1. Nowenna przed uroczysto\u015bci\u0105 \u015bw. Jana Bosko o godz. 17.40.<\/p>\n\n\n\n<p>2. W czwartek po Mszy wieczornej adoracja Naj\u015bwi\u0119tszego Sakramentu.<\/p>\n\n\n\n<p>3. W pi\u0105tek obchodzimy uroczysto\u015b\u0107 \u015bw. Jana Bosko, za\u0142o\u017cyciela Zgromadzenia Salezja\u0144skiego i Rodziny Salezja\u0144skiej. O godz. 18.00 uroczysta Eucharystia, szczeg\u00f3lnie w intencji dobrodziej\u00f3w dzie\u0142a salezja\u0144skiego na Wodnej oraz Stowarzyszenia Oratorium im. \u015bw. Dominika Savio, kt\u00f3re obchodzi jubileusz 25-lecia. Z racji uroczysto\u015bci parafian i przebywaj\u0105cych na terenie parafii w tym dniu nie obowi\u0105zuje wstrzemi\u0119\u017aliwo\u015b\u0107 od pokarm\u00f3w mi\u0119snych.<\/p>\n\n\n\n<p>4. W sobot\u0119 po Mszy porannej nabo\u017ce\u0144stwo i wymiana tajemnic r\u00f3\u017ca\u0144cowych, a po Mszy wieczornej o godz. 19.00 r\u00f3\u017caniec prowadzony przez wsp\u00f3lnot\u0119 \u017bywego R\u00f3\u017ca\u0144ca.<\/p>\n\n\n\n<p>5. W przysz\u0142\u0105 niedziel\u0119 obchodzimy \u015bwi\u0119to Ofiarowania Pa\u0144skiego, zwane tradycyjnie \u015bwi\u0119tem Matki Bo\u017cej Gromnicznej. Na ka\u017cdej Mszy \u015bw. po\u015bwi\u0119cimy gromnice przyniesione do ko\u015bcio\u0142a.<\/p>\n\n\n\n<p>6. Ostatni dzie\u0144 kol\u0119dy w poniedzia\u0142ek 27.01 \u2013 ul. Tuwima.<\/p>\n\n\n\n<p>7. Zapraszamy dzi\u015b na koncert kol\u0119d po Mszy o godz. 11.30.<\/p>\n\n\n\n<p>8. Dzi\u015b mo\u017cna z\u0142o\u017cy\u0107 ofiar\u0119 na Radio Maryja.<\/p>\n\n\n\n<p>9. Z naszej wsp\u00f3lnoty parafialnej do wieczno\u015bci odesz\u0142a: Gra\u017cyna Go\u017adzialska, lat 60. <em>Wieczny odpoczynek racz jej da\u0107, Panie<\/em>&#8230;<\/p>\n","protected":false},"excerpt":{"rendered":"<p>1. Nowenna przed uroczysto\u015bci\u0105 \u015bw. Jana Bosko o godz. 17.40. 2. W czwartek po Mszy wieczornej adoracja Naj\u015bwi\u0119tszego Sakramentu. 3. W pi\u0105tek obchodzimy uroczysto\u015b\u0107 \u015bw. Jana Bosko, za\u0142o\u017cyciela Zgromadzenia Salezja\u0144skiego i Rodziny Salezja\u0144skiej. O godz. 18.00 uroczysta Eucharystia, szczeg\u00f3lnie w intencji dobrodziej\u00f3w dzie\u0142a salezja\u0144skiego na Wodnej oraz Stowarzyszenia Oratorium im. [&hellip;]<\/p>\n","protected":false},"author":2,"featured_media":619,"comment_status":"open","ping_status":"open","sticky":false,"template":"","format":"standard","meta":{"footnotes":""},"categories":[2],"tags":[],"class_list":["post-957","post","type-post","status-publish","format-standard","has-post-thumbnail","hentry","category-aktualnosci"],"_links":{"self":[{"href":"https:\/\/wspomozycielka-lodz.pl\/index.php?rest_route=\/wp\/v2\/posts\/957","targetHints":{"allow":["GET"]}}],"collection":[{"href":"https:\/\/wspomozycielka-lodz.pl\/index.php?rest_route=\/wp\/v2\/posts"}],"about":[{"href":"https:\/\/wspomozycielka-lodz.pl\/index.php?rest_route=\/wp\/v2\/types\/post"}],"author":[{"embeddable":true,"href":"https:\/\/wspomozycielka-lodz.pl\/index.php?rest_route=\/wp\/v2\/users\/2"}],"replies":[{"embeddable":true,"href":"https:\/\/wspomozycielka-lodz.pl\/index.php?rest_route=%2Fwp%2Fv2%2Fcomments&post=957"}],"version-history":[{"count":2,"href":"https:\/\/wspomozycielka-lodz.pl\/index.php?rest_route=\/wp\/v2\/posts\/957\/revisions"}],"predecessor-version":[{"id":961,"href":"https:\/\/wspomozycielka-lodz.pl\/index.php?rest_route=\/wp\/v2\/posts\/957\/revisions\/961"}],"wp:featuredmedia":[{"embeddable":true,"href":"https:\/\/wspomozycielka-lodz.pl\/index.php?rest_route=\/wp\/v2\/media\/619"}],"wp:attachment":[{"href":"https:\/\/wspomozycielka-lodz.pl\/index.php?rest_route=%2Fwp%2Fv2%2Fmedia&parent=957"}],"wp:term":[{"taxonomy":"category","embeddable":true,"href":"https:\/\/wspomozycielka-lodz.pl\/index.php?rest_route=%2Fwp%2Fv2%2Fcategories&post=957"},{"taxonomy":"post_tag","embeddable":true,"href":"https:\/\/wspomozycielka-lodz.pl\/index.php?rest_route=%2Fwp%2Fv2%2Ftags&post=957"}],"curies":[{"name":"wp","href":"https:\/\/api.w.org\/{rel}","templated":true}]}}