{"id":955,"date":"2025-01-20T13:14:23","date_gmt":"2025-01-20T12:14:23","guid":{"rendered":"https:\/\/wspomozycielka-lodz.pl\/?p=955"},"modified":"2025-01-20T13:14:25","modified_gmt":"2025-01-20T12:14:25","slug":"podsumowanie-roku-2024","status":"publish","type":"post","link":"https:\/\/wspomozycielka-lodz.pl\/?p=955","title":{"rendered":"PODSUMOWANIE ROKU 2024"},"content":{"rendered":"\n<p>W pierwszym czytaniu prorok opisuje w poemacie przysz\u0142\u0105 chwa\u0142\u0119 odrodzonej Jerozolimy, pos\u0142uguj\u0105c si\u0119 bogat\u0105 symbolik\u0105 \u015bwiat\u0142a, drogocennych klejnot\u00f3w czy urodzajnej ziemi. To zapowied\u017a odnowienia mi\u0142o\u015bci mi\u0119dzy Bogiem a swoim ludem. Bardzo bym chcia\u0142, aby ten obraz by\u0142 tez proroctwem dla naszej parafii. Aby\u015bmy mogli w naszej parafii, w naszych wsp\u00f3lnotach, w naszych rodzinach i domach, w naszym \u017cyciu prze\u017cy\u0107 nowe za\u015blubiny z Bogiem, odnale\u017a\u0107 si\u0119 na weselu wraz z Maryj\u0105, Jezusem i Jego uczniami, wraz z siostrami i bra\u0107mi tej wsp\u00f3lnoty parafialnej. Z pewno\u015bci\u0105 wiele nam brakuje do tej rado\u015bci, ale przecie\u017c jest z nami Matka, Wspomo\u017cycielka ksi\u0119dza Bosko, kt\u00f3ra swoim troskliwym okiem dostrzega nasze niepokoje i trudno\u015bci. Trzeba jej jednak zaufa\u0107 i pos\u0142ucha\u0107, to znaczy uczyni\u0107 wszystko, co Jezus nam m\u00f3wi. Przyj\u015b\u0107 do Niego z tym, co mamy, aby On to przemieni\u0142 w co\u015b wybornego; aby zamieni\u0142 smutek w rado\u015b\u0107, s\u0142abo\u015b\u0107 w moc, oboj\u0119tno\u015b\u0107 w gorliwo\u015b\u0107, niech\u0119\u0107 w pragnienie.<\/p>\n\n\n\n<p>Co mogli\u015bmy przynie\u015b\u0107 Jezusowi na zako\u0144czenie roku 2024? Po pierwsze to, \u017ce liczebnie zmniejszy\u0142a si\u0119 parafia wed\u0142ug Urz\u0119du Skarbowego. Wida\u0107 to po wyprowadzaj\u0105cych si\u0119 mieszka\u0144cach z niekt\u00f3rych miejsc i pustych mieszkaniach. Z drugiej strony powstaj\u0105 nowe budynki mieszkalne, ale jak na razie ma to znikomy wp\u0142yw na parafi\u0119. Wielu z tych mieszka\u0144c\u00f3w ma charakter tymczasowy, sporo jest obcokrajowc\u00f3w. Po drugie, \u017ce frekwencja na Mszach \u015bwi\u0119tych utrzymuje si\u0119 zasadniczo na podobnym poziomie jak wcze\u015bniej, czyli ok. 8%. Po trzecie, \u017ce zmniejszy\u0142y si\u0119 udzielane sakramenty i sakramentalia: ochrzcili\u015bmy 27 dzieci; do pierwszej Komunii \u015bw. przyst\u0105pi\u0142o 38 dzieci z parafii i szko\u0142y salezja\u0144skiej; wybierzmowali\u015bmy 37 m\u0142odych z parafii i szk\u00f3\u0142 salezja\u0144skich; pob\u0142ogos\u0142awili\u015bmy 4 pary; odwiedzali\u015bmy regularnie 7 chorych; pochowali\u015bmy 37 zmar\u0142ych.<\/p>\n\n\n\n<p>Przychodzimy wi\u0119c z niemal pustymi st\u0105gwiami, ale z nadziej\u0105, jak to wypada w roku jubileuszowym, w kt\u00f3rym jest nam przypomniane, \u017ce jeste\u015bmy pielgrzymami nadziei. W tym naszym pielgrzymowaniu zesz\u0142orocznym mogli\u015bmy odkrywa\u0107 obecno\u015b\u0107 Jezusa w r\u00f3\u017cnych wydarzeniach. Przede wszystkim w liturgii i nabo\u017ce\u0144stwach. Szczeg\u00f3lnie chc\u0119 podkre\u015bli\u0107 nowenn\u0119 do Maryi Wspomo\u017cycielki, naszej Patronki, i zach\u0119ci\u0107 do sk\u0142adanie swoich pr\u00f3\u015bb oraz do uczestnictwa w niej. W minionym roku by\u0142y rekolekcje, kt\u00f3re w marcu g\u0142osi\u0142 nam ks. Wojciech Ku\u0142ak dla doros\u0142ych, a siostry salezjanki dla dzieci, za\u015b w grudniu ks. Jaros\u0142aw Stasi\u0144ski. Szczeg\u00f3lnym momentem by\u0142y 33-dniowe rekolekcje zako\u0144czone aktem oddania si\u0119 Matce Bo\u017cej.&nbsp;<\/p>\n\n\n\n<p>By\u0142o te\u017c spotkanie ze S\u0142owem Bo\u017cym, w kluczu lectio divina, z udzia\u0142em kard. Grzegorza Rysia. Uroczysto\u015bci odpustowej ku czci Matki Bo\u017cej Wspomo\u017cenia Wiernych przewodniczy\u0142 ks. Arkadiusz Piotrowski &#8211; dyrektor wsp\u00f3lnoty salezja\u0144skiej i proboszcz parafii \u015bw. Teresy od Dzieci\u0105tka Jezus i \u015bw. Jana Bosko w \u0141odzi. W maju nasz m\u0142ody wsp\u00f3\u0142brat kl. Chrispin z\u0142o\u017cy\u0142 \u015bluby zakonne. Dwoje kandydat\u00f3w do Salezjan\u00f3w Wsp\u00f3\u0142pracownik\u00f3w z\u0142o\u017cy\u0142o swoje przyrzeczenia. Mieli\u015bmy te\u017c okazj\u0119 pos\u0142ucha\u0107 ch\u00f3r\u00f3w ich koncertem kol\u0119d w styczniu, tego roku, a tak\u017ce z koncertem pasyjnym Stabat Mater Dolorosa w marcu oraz koncertem muzyki rozrywkowej w grudniu. W Wielki Po\u015bcie prze\u017cywali\u015bmy zn\u00f3w mi\u0119dzyparafialn\u0105 Drog\u0119 Krzy\u017cow\u0105 oraz Misterium M\u0119ki Pa\u0144skiej, przygotowane przez Salezja\u0144skie Szko\u0142y Rzemios\u0142. W maju by\u0142 Salezja\u0144ski Festyn Rodzinny, a w grudniu wigilijne spotkanie dla os\u00f3b samotnych i ubogich. Niekt\u00f3re z tych wydarze\u0144 sta\u0142y si\u0119 ju\u017c pewn\u0105 tradycj\u0105 w naszej parafii.<\/p>\n\n\n\n<p>Wracaj\u0105c do Ewangelii, trzeba zauwa\u017cy\u0107, \u017ce z Maryj\u0105 i Jezusem w Kanie wsp\u00f3\u0142pracowali weselni s\u0142udzy. Trudno si\u0119 by\u0142oby wie\u015b\u0107 \u017cycie parafialne bez wsp\u00f3\u0142pracy r\u00f3\u017cnych os\u00f3b. Dlatego chc\u0119 podzi\u0119kowa\u0107 ka\u017cdemu, kto dok\u0142ada cho\u0107by najdrobniejsze dobro do ca\u0142o\u015bci. Dzi\u0119kuj\u0119 zatem osobom zaanga\u017cowanym w funkcjonowanie naszej parafii:<\/p>\n\n\n\n<ul class=\"wp-block-list\">\n<li>pani Ewie Pakulskiej, kt\u00f3ra prowadzi sklepik parafialny oraz dba o prezbiterium i wystr\u00f3j ko\u015bcio\u0142a<\/li>\n\n\n\n<li>pani Bo\u017cennie Trojanowskiej, kt\u00f3ra troszczy si\u0119 o ksi\u0119gi parafialne i kronik\u0119 parafii<\/li>\n\n\n\n<li>panu Aleksandrowi B\u0142awatowi, kt\u00f3ry pe\u0142ni funkcj\u0119 ko\u015bcielnego<\/li>\n\n\n\n<li>panu Rados\u0142awowi Kowalczykowi, kt\u00f3ry pe\u0142ni funkcj\u0119 organisty<\/li>\n\n\n\n<li>pani Iwonie Pogodzie-Majce, katechetce ze szko\u0142y nr 170, kt\u00f3ra troszczy si\u0119 o przygotowanie dzieci do pierwszej Komunii \u015bw.<\/li>\n\n\n\n<li>panu prof. Piotrowi B\u0142aszczykowi, wychowawcy 5 klasy Technikum Salezja\u0144skiego, za trosk\u0119 o nasz\u0105 szopk\u0119<\/li>\n\n\n\n<li>na r\u0119ce poprzedniego koordynatora pana Mateusza Walig\u00f3rskiego i obecnego koordynatora pana Krystiana Stepucha wszystkim salezjanom wsp\u00f3\u0142pracownikom, kt\u00f3rzy anga\u017cuj\u0105 si\u0119 w r\u00f3\u017cne wydarzenia<\/li>\n\n\n\n<li>wszystkim cz\u0142onkom grup w parafii za zaanga\u017cowanie i modlitw\u0119, na r\u0119ce odpowiedzialnych za te grupy: pani Janinie Tomaszewskiej z Wieczernika Modlitwy za Kap\u0142an\u00f3w, pani Zofii B\u0142awat ze Stra\u017cy Honorowej NSPJ, pani Lucynie Karos z \u017bywego R\u00f3\u017ca\u0144ca, pani Janinie Rygier z Sodalicji Maria\u0144sk\u0105, \u015bp. pani Irenie Petrusiewicz z Ko\u0142a Radia Maryja<\/li>\n\n\n\n<li>dzi\u0119kuj\u0119 wszystkim, kt\u00f3rzy w r\u00f3\u017cnych momentach pomagaj\u0105 w naszej parafii: paniom Monice R\u00f3\u017cyckiej, Monice Ruteckiej; panom: Tomaszowi Kusykowi, Leszkowi Alfsowi, Eugeniuszowi Wola\u0144skiemu, Zbigniewowi \u0141ubikowi, Piotrowi Kie\u0142ce, Wies\u0142awowi Krakowiakowi, J\u00f3zefowi Pietrzakowi, Mateuszowi Piechocie, Krzysztofowi Wr\u00f3blowi, Jerzemu W\u0142odarczykowi, Stanis\u0142awowi Cukrowi<\/li>\n\n\n\n<li>s\u0142u\u017cbie liturgicznej<\/li>\n\n\n\n<li>wszystkim, kt\u00f3rzy w jakikolwiek spos\u00f3b byli pomocni w tym dziele.<\/li>\n<\/ul>\n\n\n\n<p>Dzi\u0119kuj\u0119 serdecznie wszystkim moim wsp\u00f3\u0142braciom ze wsp\u00f3lnoty \u015bw. Barbary na Wodnej, kt\u00f3rzy anga\u017cuj\u0105 si\u0119 w pomoc w parafii. Dzi\u0119kuj\u0119 zw\u0142aszcza: ks. Piotrowi Szlufikowi \u2013 kierownikowi Oratorium i opiekunowi S\u0142u\u017cby Liturgicznej, m.in. animacj\u0119 muzyczn\u0105 Mszy czwartkowych i za trosk\u0119 o Msze rodzinne w niedziele o godz. 11.30; ks. Lucjanowi D\u0105browskiemu za pos\u0142ug\u0119 w ko\u015bciele i kancelarii; ks. Zbigniewowi Kuleszy za pomoc duszpastersk\u0105 i materialn\u0105; ks. Dariuszowi Husakowi za trosk\u0119 o wielkopostne Drogi Krzy\u017cowe dla m\u0142odzie\u017cy, Misterium M\u0119ki Pa\u0144skiej oraz adwentowe Roraty dla dzieci i m\u0142odzie\u017cy; ks. Jackowi Banasiukowi za pomoc duszpastersk\u0105; ks. Paw\u0142owi Szczepa\u0144skiemu za przygotowywanie dzieci ze szko\u0142y salezja\u0144skiej do pierwszej Komunii \u015bw.; ks. Piotrowi Boczuli za pos\u0142ug\u0119 w kancelarii; kl. Felicienowi za sprz\u0105tanie ko\u015bcio\u0142a w ka\u017cda sobot\u0119.<\/p>\n\n\n\n<p>R\u00f3\u017cne s\u0105 dary \u0142aski, lecz ten sam Duch. Wszystkim za\u015b objawia si\u0119 Duch dla wsp\u00f3lnego dobra. To nauczanie aposto\u0142a Paw\u0142a o charyzmatach, czyli darach, jakich B\u00f3g udziela cz\u0142owiekowi, nie po to, aby je zatrzyma\u0142 dla siebie, ale aby si\u0119 nimi dzieli\u0142 i przez to pomna\u017ca\u0142 wsp\u00f3lne dobro, buduj\u0105c wsp\u00f3lnot\u0119, tak\u017ce t\u0105 parafialn\u0105. Zapraszam do wsp\u00f3\u0142pracy i zaanga\u017cowania w r\u00f3\u017cnych obszarach naszego \u017cycia parafialnego. Warto na pewno pomy\u015ble\u0107 o takich inicjatywach, kt\u00f3re by\u0142yby odpowiedzi\u0105 na konkretne potrzeby duchowe czy materialne: nowe grupy dla dzieci, m\u0142odzie\u017cy, mo\u017ce ma\u0142\u017ce\u0144stw czy rodzin, grupy muzyczne i ch\u00f3ry, grup\u0119 charytatywn\u0105, misyjn\u0105. Jest wiele przestrzeni, w kt\u00f3rych ka\u017cdy m\u00f3g\u0142by si\u0119 odnale\u017a\u0107, je\u015bli jest wola budowania wsp\u00f3lnego dobra. Sami duszpasterze wszystkiego nie zrobi\u0105, bo ani nie maj\u0105 tyle czasu i si\u0142, ani te\u017c wszelkich umiej\u0119tno\u015bci, i chyba te\u017c nie o to chodzi, je\u015bli mamy by\u0107 wszyscy wsp\u00f3lnot\u0105. Jestem otwarty na Wasze inicjatywy i ch\u0119\u0107 wsp\u00f3\u0142pracy.<\/p>\n\n\n\n<p>Z rzeczy materialnych zosta\u0142 zamontowany nowy ekran do wy\u015bwietlania pie\u015bni oraz nowy konfesjona\u0142. Serdecznie dzi\u0119kuj\u0119 za wszelkie ofiary sk\u0142adane na tac\u0119, do puszek, do skarbon, przy okazji wizyty duszpasterskiej czy od indywidualnych darczy\u0144c\u00f3w jako wyraz troski o t\u0119 \u015bwi\u0105tyni\u0119 i sprawowany w niej kult, o wychowanie dzieci i m\u0142odzie\u017cy oraz wsparcie dla os\u00f3b potrzebuj\u0105cych. Dzi\u0119kuj\u0119 za wszelkie dobro i \u017cyczliwo\u015b\u0107, jakie otrzymujemy w r\u00f3\u017cnych momentach, tak\u017ce za uwagi krytyczne. W ka\u017cd\u0105 pierwsz\u0105 \u015brod\u0119 miesi\u0105ca nasz\u0105 modlitw\u0105 odp\u0142acamy si\u0119 za Wasze dobro, dlatego odprawiamy wieczorem Msz\u0119 \u015bw. za wszystkich dobrodziej\u00f3w naszej parafii i ca\u0142ego dzie\u0142a salezja\u0144skiego na Wodnej. Ka\u017cdy mo\u017ce si\u0119 nim poczu\u0107.<\/p>\n\n\n\n<p>Niech B\u00f3g wynagradza i pomna\u017ca wszelkie dobro, szczeg\u00f3lnie w tym roku jubileuszowym dla ka\u017cdego z osobna i ca\u0142ej parafii przez wstawiennictwo Maryi Wspomo\u017cycielki.<\/p>\n\n\n\n<p>Ks. Przemys\u0142aw Solarski \u2013 proboszcz<\/p>\n","protected":false},"excerpt":{"rendered":"<p>W pierwszym czytaniu prorok opisuje w poemacie przysz\u0142\u0105 chwa\u0142\u0119 odrodzonej Jerozolimy, pos\u0142uguj\u0105c si\u0119 bogat\u0105 symbolik\u0105 \u015bwiat\u0142a, drogocennych klejnot\u00f3w czy urodzajnej ziemi. To zapowied\u017a odnowienia mi\u0142o\u015bci mi\u0119dzy Bogiem a swoim ludem. Bardzo bym chcia\u0142, aby ten obraz by\u0142 tez proroctwem dla naszej parafii. Aby\u015bmy mogli w naszej parafii, w naszych wsp\u00f3lnotach, [&hellip;]<\/p>\n","protected":false},"author":2,"featured_media":26,"comment_status":"open","ping_status":"open","sticky":false,"template":"","format":"standard","meta":{"footnotes":""},"categories":[2],"tags":[],"class_list":["post-955","post","type-post","status-publish","format-standard","has-post-thumbnail","hentry","category-aktualnosci"],"_links":{"self":[{"href":"https:\/\/wspomozycielka-lodz.pl\/index.php?rest_route=\/wp\/v2\/posts\/955","targetHints":{"allow":["GET"]}}],"collection":[{"href":"https:\/\/wspomozycielka-lodz.pl\/index.php?rest_route=\/wp\/v2\/posts"}],"about":[{"href":"https:\/\/wspomozycielka-lodz.pl\/index.php?rest_route=\/wp\/v2\/types\/post"}],"author":[{"embeddable":true,"href":"https:\/\/wspomozycielka-lodz.pl\/index.php?rest_route=\/wp\/v2\/users\/2"}],"replies":[{"embeddable":true,"href":"https:\/\/wspomozycielka-lodz.pl\/index.php?rest_route=%2Fwp%2Fv2%2Fcomments&post=955"}],"version-history":[{"count":1,"href":"https:\/\/wspomozycielka-lodz.pl\/index.php?rest_route=\/wp\/v2\/posts\/955\/revisions"}],"predecessor-version":[{"id":956,"href":"https:\/\/wspomozycielka-lodz.pl\/index.php?rest_route=\/wp\/v2\/posts\/955\/revisions\/956"}],"wp:featuredmedia":[{"embeddable":true,"href":"https:\/\/wspomozycielka-lodz.pl\/index.php?rest_route=\/wp\/v2\/media\/26"}],"wp:attachment":[{"href":"https:\/\/wspomozycielka-lodz.pl\/index.php?rest_route=%2Fwp%2Fv2%2Fmedia&parent=955"}],"wp:term":[{"taxonomy":"category","embeddable":true,"href":"https:\/\/wspomozycielka-lodz.pl\/index.php?rest_route=%2Fwp%2Fv2%2Fcategories&post=955"},{"taxonomy":"post_tag","embeddable":true,"href":"https:\/\/wspomozycielka-lodz.pl\/index.php?rest_route=%2Fwp%2Fv2%2Ftags&post=955"}],"curies":[{"name":"wp","href":"https:\/\/api.w.org\/{rel}","templated":true}]}}