{"id":953,"date":"2025-01-18T09:39:11","date_gmt":"2025-01-18T08:39:11","guid":{"rendered":"https:\/\/wspomozycielka-lodz.pl\/?p=953"},"modified":"2025-01-18T09:39:12","modified_gmt":"2025-01-18T08:39:12","slug":"ogloszenia-parafialne-19-01-2025","status":"publish","type":"post","link":"https:\/\/wspomozycielka-lodz.pl\/?p=953","title":{"rendered":"OG\u0141OSZENIA PARAFIALNE (19.01.2025)"},"content":{"rendered":"\n<p>1. Nowenna do Maryi Wspomo\u017cycielki do wtorku o godz. 17.40, a od \u015brody wraz z nowenn\u0105 przed uroczysto\u015bci\u0105 \u015bw. Jana Bosko o godz. 17.30.<\/p>\n\n\n\n<p>2. W czwartek po Mszy wieczornej adoracja Naj\u015bwi\u0119tszego Sakramentu.<\/p>\n\n\n\n<p>3. W pi\u0105tek ho\u0142d ku czci Maryi Wspomo\u017cycielki wraz z nowenn\u0105 przed uroczysto\u015bci\u0105 \u015bw. Jana Bosko o godz. 17.15.<\/p>\n\n\n\n<p>4. W przysz\u0142\u0105 niedziel\u0119 po Mszy \u015bw. o godz. 11.30 spotkanie dla dzieci przygotowuj\u0105cych si\u0119 do pierwszej Komunii \u015bw. i ich rodzic\u00f3w.<\/p>\n\n\n\n<p>5. Terminy kol\u0119dy w najbli\u017cszym tygodniu s\u0105 nast\u0119puj\u0105ce: poniedzia\u0142ek 20.01 \u2013 ul. Targowa 44-79 i ul. Fabryczna 3-11; wtorek 21.01 \u2013 ul. Targowa 23-39 i ul. Fabryczna 19-21; \u015broda 22.01 \u2013 ul. Targowa 9-19; czwartek 23.01 \u2013 ul. Pi\u0142sudskiego; pi\u0105tek 24.01 \u2013 ul. Kili\u0144skiego. Wszystkie terminy s\u0105 wywieszone w gablocie i umieszczone na stronie internetowej parafii. Je\u015bli kto\u015b nie mo\u017ce w danym dniu przyj\u0105\u0107 kap\u0142ana, a chcia\u0142by w innym terminie, prosz\u0119 o bezpo\u015bredni kontakt ze mn\u0105 w celu ustalenia dogodnego terminu.<\/p>\n\n\n\n<p>6. Zapraszamy na koncert kol\u0119d w niedziel\u0119 26 stycznia po Mszy o godz. 11.30. Wyst\u0105pi\u0105 znane nam ju\u017c ch\u00f3ry: \u0141\u00f3dzki Ch\u00f3r Teatralny Verdiana i Ch\u00f3r \u017be\u0144ski Eufeme. <\/p>\n\n\n\n<p>7. Z naszej wsp\u00f3lnoty parafialnej do wieczno\u015bci odeszli: Danuta Kope\u0107, lat 75; Janusz Fory\u0144ski, lat 73. <em>Wieczny odpoczynek racz im da\u0107, Panie<\/em>&#8230;<\/p>\n","protected":false},"excerpt":{"rendered":"<p>1. Nowenna do Maryi Wspomo\u017cycielki do wtorku o godz. 17.40, a od \u015brody wraz z nowenn\u0105 przed uroczysto\u015bci\u0105 \u015bw. Jana Bosko o godz. 17.30. 2. W czwartek po Mszy wieczornej adoracja Naj\u015bwi\u0119tszego Sakramentu. 3. W pi\u0105tek ho\u0142d ku czci Maryi Wspomo\u017cycielki wraz z nowenn\u0105 przed uroczysto\u015bci\u0105 \u015bw. Jana Bosko o [&hellip;]<\/p>\n","protected":false},"author":2,"featured_media":619,"comment_status":"open","ping_status":"open","sticky":false,"template":"","format":"standard","meta":{"footnotes":""},"categories":[2],"tags":[],"class_list":["post-953","post","type-post","status-publish","format-standard","has-post-thumbnail","hentry","category-aktualnosci"],"_links":{"self":[{"href":"https:\/\/wspomozycielka-lodz.pl\/index.php?rest_route=\/wp\/v2\/posts\/953","targetHints":{"allow":["GET"]}}],"collection":[{"href":"https:\/\/wspomozycielka-lodz.pl\/index.php?rest_route=\/wp\/v2\/posts"}],"about":[{"href":"https:\/\/wspomozycielka-lodz.pl\/index.php?rest_route=\/wp\/v2\/types\/post"}],"author":[{"embeddable":true,"href":"https:\/\/wspomozycielka-lodz.pl\/index.php?rest_route=\/wp\/v2\/users\/2"}],"replies":[{"embeddable":true,"href":"https:\/\/wspomozycielka-lodz.pl\/index.php?rest_route=%2Fwp%2Fv2%2Fcomments&post=953"}],"version-history":[{"count":1,"href":"https:\/\/wspomozycielka-lodz.pl\/index.php?rest_route=\/wp\/v2\/posts\/953\/revisions"}],"predecessor-version":[{"id":954,"href":"https:\/\/wspomozycielka-lodz.pl\/index.php?rest_route=\/wp\/v2\/posts\/953\/revisions\/954"}],"wp:featuredmedia":[{"embeddable":true,"href":"https:\/\/wspomozycielka-lodz.pl\/index.php?rest_route=\/wp\/v2\/media\/619"}],"wp:attachment":[{"href":"https:\/\/wspomozycielka-lodz.pl\/index.php?rest_route=%2Fwp%2Fv2%2Fmedia&parent=953"}],"wp:term":[{"taxonomy":"category","embeddable":true,"href":"https:\/\/wspomozycielka-lodz.pl\/index.php?rest_route=%2Fwp%2Fv2%2Fcategories&post=953"},{"taxonomy":"post_tag","embeddable":true,"href":"https:\/\/wspomozycielka-lodz.pl\/index.php?rest_route=%2Fwp%2Fv2%2Ftags&post=953"}],"curies":[{"name":"wp","href":"https:\/\/api.w.org\/{rel}","templated":true}]}}