{"id":946,"date":"2025-01-11T16:56:54","date_gmt":"2025-01-11T15:56:54","guid":{"rendered":"https:\/\/wspomozycielka-lodz.pl\/?p=946"},"modified":"2025-01-12T14:13:20","modified_gmt":"2025-01-12T13:13:20","slug":"ogloszenia-parafialne-12-01-2025","status":"publish","type":"post","link":"https:\/\/wspomozycielka-lodz.pl\/?p=946","title":{"rendered":"OG\u0141OSZENIA PARAFIALNE (12.01.2025)"},"content":{"rendered":"\n<p>1. W \u015brod\u0119 rozpoczniemy nowenn\u0119 do Maryi Wspomo\u017cycielki o godz. 17.40.<\/p>\n\n\n\n<p>2. W sobot\u0119 zapraszamy wszystkie grupy i wsp\u00f3lnoty parafialne na wsp\u00f3lny op\u0142atek o godz. 15.00.<\/p>\n\n\n\n<p>3. W przysz\u0142\u0105 niedziel\u0119 po Mszy \u015bw. o godz. 11.30 spotkanie dla kandydat\u00f3w do bierzmowania.<\/p>\n\n\n\n<p>4. Terminy kol\u0119dy w najbli\u017cszym tygodniu s\u0105 nast\u0119puj\u0105ce: poniedzia\u0142ek 13.01 \u2013 ul. Wodna 37, 39-47; wtorek 14.01 \u2013 ul. Nawrot 54-82; \u015broda 15.01 \u2013 ul. Nawrot 82a-84\/86 i ul. Z\u0142ota 3-7 i 10-12; czwartek 16.01 \u2013 ul. Z\u0142ota 9 i ul. Dowborczyk\u00f3w 4-22 i 28; pi\u0105tek 17.01 \u2013 ul. Dowborczyk\u00f3w 26. Wszystkie terminy s\u0105 wywieszone w gablocie i umieszczone na stronie internetowej parafii. Je\u015bli kto\u015b nie mo\u017ce w danym dniu przyj\u0105\u0107 kap\u0142ana, a chcia\u0142by w innym terminie, prosz\u0119 o bezpo\u015bredni kontakt ze mn\u0105 w celu ustalenia dogodnego terminu.<\/p>\n\n\n\n<p>5. Zapraszamy na koncert kol\u0119d w niedziel\u0119 26 stycznia po Mszy o godz. 11.30. Wyst\u0105pi\u0105: \u0141\u00f3dzki Ch\u00f3r Teatralny Verdiana, dzia\u0142aj\u0105cy przy Teatrze Wielkim w \u0141odzi, oraz Ch\u00f3r \u017be\u0144ski Eufeme, dzia\u0142aj\u0105cy w ramach Stowarzyszenia Brzmienie \u0141odzi Ch\u00f3ry mia\u0142y okazj\u0119 ju\u017c wyst\u0105pi\u0107 z repertuarem kol\u0119dowym w naszej parafii w zesz\u0142ym roku. Podczas tegorocznego koncertu kol\u0119d w repertuarze znajd\u0105 si\u0119: kantata \u201ePierwsza Kol\u0119da\u201d Johna Petersona &#8211; wielocz\u0119\u015bciowy utw\u00f3r z narratorem i partiami solowymi, opowiadaj\u0105cy histori\u0119 Bo\u017cego Narodzenia; tradycyjne polskie kol\u0119dy; kancjona\u0142y Opactwa Mniszek Benedyktynek w Stani\u0105tkach; a tak\u017ce znane \u015bwi\u0105teczne utwory angloj\u0119zyczne. Dyryguje Aleksandra Orczykowska-Piotrowska, akompaniuje Marcin Werner.<\/p>\n\n\n\n<p>6. Przypominamy te\u017c o spotkaniu z Jackiem Pulikowskim \u2013 publicyst\u0105 i autorem ksi\u0105\u017cek zwi\u0105zanych z tematyk\u0105 ma\u0142\u017ce\u0144stwa, rodziny i wychowania, kt\u00f3re b\u0119dzie mia\u0142o miejsce na Wodnej, 15 stycznia o 18.45 dla doros\u0142ych (rodzic\u00f3w, opiekun\u00f3w, nauczycieli), a 16 stycznia dla m\u0142odzie\u017cy. <\/p>\n\n\n\n<p>7. Z naszej wsp\u00f3lnoty parafialnej do wieczno\u015bci odeszli: Zofia Ciesielska, lat 93; Izabela Fraszczy\u0144ska, lat 55; Teresa Pelc, lat 76; Micha\u0142 St\u0119pie\u0144, lat 79. <em>Wieczny odpoczynek racz im da\u0107, Panie<\/em>&#8230;<\/p>\n","protected":false},"excerpt":{"rendered":"<p>1. W \u015brod\u0119 rozpoczniemy nowenn\u0119 do Maryi Wspomo\u017cycielki o godz. 17.40. 2. W sobot\u0119 zapraszamy wszystkie grupy i wsp\u00f3lnoty parafialne na wsp\u00f3lny op\u0142atek o godz. 15.00. 3. W przysz\u0142\u0105 niedziel\u0119 po Mszy \u015bw. o godz. 11.30 spotkanie dla kandydat\u00f3w do bierzmowania. 4. Terminy kol\u0119dy w najbli\u017cszym tygodniu s\u0105 nast\u0119puj\u0105ce: poniedzia\u0142ek [&hellip;]<\/p>\n","protected":false},"author":2,"featured_media":619,"comment_status":"open","ping_status":"open","sticky":false,"template":"","format":"standard","meta":{"footnotes":""},"categories":[2],"tags":[],"class_list":["post-946","post","type-post","status-publish","format-standard","has-post-thumbnail","hentry","category-aktualnosci"],"_links":{"self":[{"href":"https:\/\/wspomozycielka-lodz.pl\/index.php?rest_route=\/wp\/v2\/posts\/946","targetHints":{"allow":["GET"]}}],"collection":[{"href":"https:\/\/wspomozycielka-lodz.pl\/index.php?rest_route=\/wp\/v2\/posts"}],"about":[{"href":"https:\/\/wspomozycielka-lodz.pl\/index.php?rest_route=\/wp\/v2\/types\/post"}],"author":[{"embeddable":true,"href":"https:\/\/wspomozycielka-lodz.pl\/index.php?rest_route=\/wp\/v2\/users\/2"}],"replies":[{"embeddable":true,"href":"https:\/\/wspomozycielka-lodz.pl\/index.php?rest_route=%2Fwp%2Fv2%2Fcomments&post=946"}],"version-history":[{"count":3,"href":"https:\/\/wspomozycielka-lodz.pl\/index.php?rest_route=\/wp\/v2\/posts\/946\/revisions"}],"predecessor-version":[{"id":952,"href":"https:\/\/wspomozycielka-lodz.pl\/index.php?rest_route=\/wp\/v2\/posts\/946\/revisions\/952"}],"wp:featuredmedia":[{"embeddable":true,"href":"https:\/\/wspomozycielka-lodz.pl\/index.php?rest_route=\/wp\/v2\/media\/619"}],"wp:attachment":[{"href":"https:\/\/wspomozycielka-lodz.pl\/index.php?rest_route=%2Fwp%2Fv2%2Fmedia&parent=946"}],"wp:term":[{"taxonomy":"category","embeddable":true,"href":"https:\/\/wspomozycielka-lodz.pl\/index.php?rest_route=%2Fwp%2Fv2%2Fcategories&post=946"},{"taxonomy":"post_tag","embeddable":true,"href":"https:\/\/wspomozycielka-lodz.pl\/index.php?rest_route=%2Fwp%2Fv2%2Ftags&post=946"}],"curies":[{"name":"wp","href":"https:\/\/api.w.org\/{rel}","templated":true}]}}