{"id":940,"date":"2024-12-29T07:22:54","date_gmt":"2024-12-29T06:22:54","guid":{"rendered":"https:\/\/wspomozycielka-lodz.pl\/?p=940"},"modified":"2024-12-29T07:22:56","modified_gmt":"2024-12-29T06:22:56","slug":"ogloszenia-parafialne-29-12-2024","status":"publish","type":"post","link":"https:\/\/wspomozycielka-lodz.pl\/?p=940","title":{"rendered":"OG\u0141OSZENIA PARAFIALNE (29.12.2024)"},"content":{"rendered":"\n<p>1. We wtorek obchodzimy wspomnienie miesi\u0119czne Ksi\u0119dza Bosko. Jest to te\u017c ostatni dzie\u0144 roku kalendarzowego, dlatego zapraszamy na nabo\u017ce\u0144stwo o godz. 17.00.<\/p>\n\n\n\n<p>2. W \u015brod\u0119, w pierwszy dzie\u0144 nowego Roku Pa\u0144skiego 2025, roku jubileuszowego, obchodzimy uroczysto\u015b\u0107 Bo\u017cej Rodzicielki Maryi, kt\u00f3ra ko\u0144czy oktaw\u0119 Narodzenia Pa\u0144skiego. Msze \u015bw. jak w niedziel\u0119. Przypominamy, \u017ce w tym dniu jest obowi\u0105zek uczestniczenia w Mszy \u015bw.<\/p>\n\n\n\n<p>3. W czwartek na Mszy wieczornej b\u0119dziemy si\u0119 modli\u0107 za kap\u0142an\u00f3w i osoby konsekrowane pos\u0142uguj\u0105ce w naszej parafii i o nowe powo\u0142ania. Po Mszy wieczornej adoracja Naj\u015bwi\u0119tszego Sakramentu.<\/p>\n\n\n\n<p>4. W pi\u0105tek od godz. 15.00 Godzina Mi\u0142osierdzia i adoracja Naj\u015bwi\u0119tszego Sakramentu. Po Mszy wieczornej spotkanie wsp\u00f3lnoty Stra\u017cy Honorowej NSPJ.<\/p>\n\n\n\n<p>5. W sobot\u0119 po Mszy porannej nabo\u017ce\u0144stwo i wymiana tajemnic r\u00f3\u017ca\u0144cowych, a potem wyj\u0105tkowo przed Msz\u0105 wieczorn\u0105 o godz. 17.30 r\u00f3\u017caniec prowadzony przez wsp\u00f3lnot\u0119 \u017bywego R\u00f3\u017ca\u0144ca.<\/p>\n\n\n\n<p>6. W przysz\u0142\u0105 niedziel\u0119 zapraszamy na rodzinne kol\u0119dowanie po Mszy \u015bw. o godz. 11.30, aby wsp\u00f3lnie wy\u015bpiewa\u0107 rado\u015b\u0107 Bo\u017cego Narodzenia przy naszej salezja\u0144skiej historycznej szopce. B\u0119dzie wsp\u00f3lny \u015bpiew kol\u0119d, a na koniec s\u0142odki upominek. Zapraszamy szczeg\u00f3lnie dzieci, m\u0142odzie\u017c, rodzic\u00f3w, dziadk\u00f3w, Salezjan\u00f3w Wsp\u00f3\u0142pracownik\u00f3w, wolontariuszy i lider\u00f3w Oratorium.<\/p>\n\n\n\n<p>7. Serdecznie dzi\u0119kuj\u0119 wszystkim, kt\u00f3rzy anga\u017cowali si\u0119 w przygotowanie ko\u015bcio\u0142a do \u015bwi\u0105t: choinki, deklaracje, sprz\u0105tanie. Dzi\u0119kuj\u0119 salezjanom wsp\u00f3\u0142pracownikom za pomoc w spotkaniu wigilijnym dla os\u00f3b samotnych.<\/p>\n\n\n\n<p>8. Wizyt\u0119 duszpastersk\u0105 w domach, czyli tzw. kol\u0119d\u0119, rozpoczniemy w nowym roku po 6 stycznia.<\/p>\n\n\n\n<p>9. Dzi\u015b mo\u017cna z\u0142o\u017cy\u0107 ofiar\u0119 na Radio Maryja. <\/p>\n\n\n\n<p>10. W minion\u0105 sobot\u0119 po\u017cegnali\u015bmy w Lublewie ko\u0142o Gda\u0144ska \u015bp. El\u017cbiet\u0119 Szlufik, mam\u0119 ks. Piotra, kt\u00f3ra prze\u017cy\u0142a 85 lat. <em>Wieczny odpoczynek racz jej da\u0107, Panie<\/em>&#8230;<\/p>\n","protected":false},"excerpt":{"rendered":"<p>1. We wtorek obchodzimy wspomnienie miesi\u0119czne Ksi\u0119dza Bosko. Jest to te\u017c ostatni dzie\u0144 roku kalendarzowego, dlatego zapraszamy na nabo\u017ce\u0144stwo o godz. 17.00. 2. W \u015brod\u0119, w pierwszy dzie\u0144 nowego Roku Pa\u0144skiego 2025, roku jubileuszowego, obchodzimy uroczysto\u015b\u0107 Bo\u017cej Rodzicielki Maryi, kt\u00f3ra ko\u0144czy oktaw\u0119 Narodzenia Pa\u0144skiego. Msze \u015bw. jak w niedziel\u0119. Przypominamy, [&hellip;]<\/p>\n","protected":false},"author":2,"featured_media":619,"comment_status":"open","ping_status":"open","sticky":false,"template":"","format":"standard","meta":{"footnotes":""},"categories":[2],"tags":[],"class_list":["post-940","post","type-post","status-publish","format-standard","has-post-thumbnail","hentry","category-aktualnosci"],"_links":{"self":[{"href":"https:\/\/wspomozycielka-lodz.pl\/index.php?rest_route=\/wp\/v2\/posts\/940","targetHints":{"allow":["GET"]}}],"collection":[{"href":"https:\/\/wspomozycielka-lodz.pl\/index.php?rest_route=\/wp\/v2\/posts"}],"about":[{"href":"https:\/\/wspomozycielka-lodz.pl\/index.php?rest_route=\/wp\/v2\/types\/post"}],"author":[{"embeddable":true,"href":"https:\/\/wspomozycielka-lodz.pl\/index.php?rest_route=\/wp\/v2\/users\/2"}],"replies":[{"embeddable":true,"href":"https:\/\/wspomozycielka-lodz.pl\/index.php?rest_route=%2Fwp%2Fv2%2Fcomments&post=940"}],"version-history":[{"count":1,"href":"https:\/\/wspomozycielka-lodz.pl\/index.php?rest_route=\/wp\/v2\/posts\/940\/revisions"}],"predecessor-version":[{"id":941,"href":"https:\/\/wspomozycielka-lodz.pl\/index.php?rest_route=\/wp\/v2\/posts\/940\/revisions\/941"}],"wp:featuredmedia":[{"embeddable":true,"href":"https:\/\/wspomozycielka-lodz.pl\/index.php?rest_route=\/wp\/v2\/media\/619"}],"wp:attachment":[{"href":"https:\/\/wspomozycielka-lodz.pl\/index.php?rest_route=%2Fwp%2Fv2%2Fmedia&parent=940"}],"wp:term":[{"taxonomy":"category","embeddable":true,"href":"https:\/\/wspomozycielka-lodz.pl\/index.php?rest_route=%2Fwp%2Fv2%2Fcategories&post=940"},{"taxonomy":"post_tag","embeddable":true,"href":"https:\/\/wspomozycielka-lodz.pl\/index.php?rest_route=%2Fwp%2Fv2%2Ftags&post=940"}],"curies":[{"name":"wp","href":"https:\/\/api.w.org\/{rel}","templated":true}]}}