{"id":938,"date":"2024-12-21T12:41:49","date_gmt":"2024-12-21T11:41:49","guid":{"rendered":"https:\/\/wspomozycielka-lodz.pl\/?p=938"},"modified":"2024-12-21T12:41:50","modified_gmt":"2024-12-21T11:41:50","slug":"ogloszenia-parafialne-22-12-2024","status":"publish","type":"post","link":"https:\/\/wspomozycielka-lodz.pl\/?p=938","title":{"rendered":"OG\u0141OSZENIA PARAFIALNE (22.12.2024)"},"content":{"rendered":"\n<p>1. Msze roratnie w parafii do wtorku o godz. 7.30, a dla dzieci i m\u0142odzie\u017cy ostatnie roraty w poniedzia\u0142ek o godz. 6.30.<\/p>\n\n\n\n<p>2. Nowenn\u0119 do Maryi Wspomo\u017cycielki i Bo\u017cego Narodzenia do poniedzia\u0142ku o godz. 17.30.<\/p>\n\n\n\n<p>3. We wtorek jest Wigilia, dlatego Msza \u015bw. b\u0119dzie tylko rano o godz. 7.30 wraz z ho\u0142dem do Maryi Wspomo\u017cycielki, a po Mszy ostatni dzie\u0144 nowenny do Bo\u017cego Narodzenia.<\/p>\n\n\n\n<p>4. O p\u00f3\u0142nocy zapraszamy na uroczyst\u0105 Msz\u0119 \u015bw., tzw. Pasterk\u0119, kt\u00f3r\u0105 rozpoczniemy \u015bwi\u0119towanie Narodzenia Pa\u0144skiego.<\/p>\n\n\n\n<p>5. W \u015brod\u0119 obchodzimy uroczysto\u015b\u0107 Narodzenia Pa\u0144skiego \u2013 Msze \u015bw. jak w niedziel\u0119.<\/p>\n\n\n\n<p>6. W czwartek drugi dzie\u0144 \u015bwi\u0119towania Bo\u017cego Narodzenia \u2013 Msze \u015bw. r\u00f3wnie\u017c jak w niedziel\u0119. Nie b\u0119dzie w ten czwartek wieczornej adoracji.<\/p>\n\n\n\n<p>7. Na najbli\u017cszy pi\u0105tek w oktawie Bo\u017cego Narodzenia Ksi\u0105dz Kardyna\u0142 udzieli\u0142 wszystkim wiernym Ko\u015bcio\u0142a \u0142\u00f3dzkiego oraz przebywaj\u0105cym na terenie archidiecezji \u0142\u00f3dzkiej dyspensy od przepis\u00f3w dotycz\u0105cych dni pokutnych.<\/p>\n\n\n\n<p>8. W przysz\u0142\u0105 niedziel\u0119, 29 grudnia, obchodzimy \u015bwi\u0119to \u015awi\u0119tej Rodziny.<\/p>\n\n\n\n<p>9. Nasze Oratorium zaprasza r\u00f3wnie\u017c dzi\u015b na kiermasz adwentowy.<\/p>\n\n\n\n<p>10. Ksi\u0105dz Kardyna\u0142 ustanowi\u0142 Ko\u015bcio\u0142y jubileuszowe w naszej archidiecezji, gdzie w roku 2025 mo\u017cna uzyska\u0107 odpust jubileuszowy. S\u0105 nimi w \u0141odzi: archikatedra \u015bw. Stanis\u0142awa Kostki oraz sanktuaria: Matki Boskiej Zwyci\u0119skiej, Matki Bo\u017cej Pocieszenia przy ko\u015bciele \u015bw. Wojciecha, Mi\u0142osierdzia Bo\u017cego, Naj\u015bwi\u0119tszego Imienia Jezus, \u015bw. Antoniego Padewskiego i b\u0142. Rafa\u0142a Chyli\u0144skiego w \u0141agiewnikach, \u015awi\u0119to\u015bci \u017bycia przy ko\u015bciele \u015bw. Wincentego Pallottiego, Matki Bo\u017cej Uzdrowienia Chorych przy Szpitalu Bonifratr\u00f3w. <\/p>\n\n\n\n<p>11. Serdecznie dzi\u0119kuj\u0119 wszystkim, kt\u00f3rzy anga\u017cowali si\u0119 w poniedzia\u0142kowe roraty, zw\u0142aszcza szko\u0142om salezja\u0144skim. Jutro po Mszy wieczornej ustawimy i udekorujemy choinki w ko\u015bciele. Zapraszamy ch\u0119tnych do pomocy.<\/p>\n","protected":false},"excerpt":{"rendered":"<p>1. Msze roratnie w parafii do wtorku o godz. 7.30, a dla dzieci i m\u0142odzie\u017cy ostatnie roraty w poniedzia\u0142ek o godz. 6.30. 2. Nowenn\u0119 do Maryi Wspomo\u017cycielki i Bo\u017cego Narodzenia do poniedzia\u0142ku o godz. 17.30. 3. We wtorek jest Wigilia, dlatego Msza \u015bw. b\u0119dzie tylko rano o godz. 7.30 wraz [&hellip;]<\/p>\n","protected":false},"author":2,"featured_media":619,"comment_status":"open","ping_status":"open","sticky":false,"template":"","format":"standard","meta":{"footnotes":""},"categories":[2],"tags":[],"class_list":["post-938","post","type-post","status-publish","format-standard","has-post-thumbnail","hentry","category-aktualnosci"],"_links":{"self":[{"href":"https:\/\/wspomozycielka-lodz.pl\/index.php?rest_route=\/wp\/v2\/posts\/938","targetHints":{"allow":["GET"]}}],"collection":[{"href":"https:\/\/wspomozycielka-lodz.pl\/index.php?rest_route=\/wp\/v2\/posts"}],"about":[{"href":"https:\/\/wspomozycielka-lodz.pl\/index.php?rest_route=\/wp\/v2\/types\/post"}],"author":[{"embeddable":true,"href":"https:\/\/wspomozycielka-lodz.pl\/index.php?rest_route=\/wp\/v2\/users\/2"}],"replies":[{"embeddable":true,"href":"https:\/\/wspomozycielka-lodz.pl\/index.php?rest_route=%2Fwp%2Fv2%2Fcomments&post=938"}],"version-history":[{"count":1,"href":"https:\/\/wspomozycielka-lodz.pl\/index.php?rest_route=\/wp\/v2\/posts\/938\/revisions"}],"predecessor-version":[{"id":939,"href":"https:\/\/wspomozycielka-lodz.pl\/index.php?rest_route=\/wp\/v2\/posts\/938\/revisions\/939"}],"wp:featuredmedia":[{"embeddable":true,"href":"https:\/\/wspomozycielka-lodz.pl\/index.php?rest_route=\/wp\/v2\/media\/619"}],"wp:attachment":[{"href":"https:\/\/wspomozycielka-lodz.pl\/index.php?rest_route=%2Fwp%2Fv2%2Fmedia&parent=938"}],"wp:term":[{"taxonomy":"category","embeddable":true,"href":"https:\/\/wspomozycielka-lodz.pl\/index.php?rest_route=%2Fwp%2Fv2%2Fcategories&post=938"},{"taxonomy":"post_tag","embeddable":true,"href":"https:\/\/wspomozycielka-lodz.pl\/index.php?rest_route=%2Fwp%2Fv2%2Ftags&post=938"}],"curies":[{"name":"wp","href":"https:\/\/api.w.org\/{rel}","templated":true}]}}