{"id":936,"date":"2024-12-14T21:26:52","date_gmt":"2024-12-14T20:26:52","guid":{"rendered":"https:\/\/wspomozycielka-lodz.pl\/?p=936"},"modified":"2024-12-14T21:27:03","modified_gmt":"2024-12-14T20:27:03","slug":"ogloszenia-parafialne-15-12-2024","status":"publish","type":"post","link":"https:\/\/wspomozycielka-lodz.pl\/?p=936","title":{"rendered":"OG\u0141OSZENIA PARAFIALNE (15.12.2024)"},"content":{"rendered":"\n<p>1. Msze roratnie w parafii od poniedzia\u0142ku do soboty o godz. 7.30, a dla dzieci i m\u0142odzie\u017cy w poniedzia\u0142ki o godz. 6.30.<\/p>\n\n\n\n<p>2. Dzi\u015b rozpoczniemy nowenn\u0119 do Maryi Wspomo\u017cycielki o godz. 17.40. Natomiast w poniedzia\u0142ek zaczniemy nowenn\u0119 do Bo\u017cego Narodzenia. Od poniedzia\u0142ku wi\u0119c po\u0142\u0105czymy obie nowenny o godz. 17.30.<\/p>\n\n\n\n<p>3. W czwartek na Mszy wieczornej b\u0119dziemy si\u0119 modli\u0107 w intencji ks. Dariusza Husaka w dniu imienin. Po Mszy wieczornej adoracja Naj\u015bwi\u0119tszego Sakramentu.<\/p>\n\n\n\n<p>4. W sobot\u0119 zapraszam wszystkie grupy i wsp\u00f3lnoty parafialne na wsp\u00f3lne skupienie adwentowe o godz. 11.00.<\/p>\n\n\n\n<p>5. W sklepiku parafialnym s\u0105 dost\u0119pne op\u0142atki i \u015bwiece bo\u017conarodzeniowe. R\u00f3wnie\u017c przed wej\u015bciem do ko\u015bcio\u0142a mo\u017cna je naby\u0107 u Salezjan\u00f3w Wsp\u00f3\u0142pracownik\u00f3w.<\/p>\n\n\n\n<p>6. Dzi\u015b przeprowadzana jest zbi\u00f3rka ofiar do puszek na Fundusz Ochrony Macierzy\u0144stwa im. Stanis\u0142awy Leszczy\u0144skiej.<\/p>\n\n\n\n<p>7. Zapraszamy osoby samotne na spotkanie wigilijne 23 grudnia o godz. 15.00. Aby w nim uczestniczy\u0107, trzeba si\u0119 zapisa\u0107 w kancelarii lub zakrystii. <\/p>\n\n\n\n<p>8. Nasze Oratorium zaprasza dzi\u015b i w nast\u0119pn\u0105 niedziel\u0119 na kiermasz adwentowy. Po Mszach \u015bw. mo\u017cna naby\u0107 m.in. pierniki, s\u0142odycze, kartki \u015bwi\u0105teczne, sianko i ozdoby na choink\u0119.<\/p>\n","protected":false},"excerpt":{"rendered":"<p>1. Msze roratnie w parafii od poniedzia\u0142ku do soboty o godz. 7.30, a dla dzieci i m\u0142odzie\u017cy w poniedzia\u0142ki o godz. 6.30. 2. Dzi\u015b rozpoczniemy nowenn\u0119 do Maryi Wspomo\u017cycielki o godz. 17.40. Natomiast w poniedzia\u0142ek zaczniemy nowenn\u0119 do Bo\u017cego Narodzenia. Od poniedzia\u0142ku wi\u0119c po\u0142\u0105czymy obie nowenny o godz. 17.30. 3. [&hellip;]<\/p>\n","protected":false},"author":2,"featured_media":619,"comment_status":"open","ping_status":"open","sticky":false,"template":"","format":"standard","meta":{"footnotes":""},"categories":[2],"tags":[],"class_list":["post-936","post","type-post","status-publish","format-standard","has-post-thumbnail","hentry","category-aktualnosci"],"_links":{"self":[{"href":"https:\/\/wspomozycielka-lodz.pl\/index.php?rest_route=\/wp\/v2\/posts\/936","targetHints":{"allow":["GET"]}}],"collection":[{"href":"https:\/\/wspomozycielka-lodz.pl\/index.php?rest_route=\/wp\/v2\/posts"}],"about":[{"href":"https:\/\/wspomozycielka-lodz.pl\/index.php?rest_route=\/wp\/v2\/types\/post"}],"author":[{"embeddable":true,"href":"https:\/\/wspomozycielka-lodz.pl\/index.php?rest_route=\/wp\/v2\/users\/2"}],"replies":[{"embeddable":true,"href":"https:\/\/wspomozycielka-lodz.pl\/index.php?rest_route=%2Fwp%2Fv2%2Fcomments&post=936"}],"version-history":[{"count":1,"href":"https:\/\/wspomozycielka-lodz.pl\/index.php?rest_route=\/wp\/v2\/posts\/936\/revisions"}],"predecessor-version":[{"id":937,"href":"https:\/\/wspomozycielka-lodz.pl\/index.php?rest_route=\/wp\/v2\/posts\/936\/revisions\/937"}],"wp:featuredmedia":[{"embeddable":true,"href":"https:\/\/wspomozycielka-lodz.pl\/index.php?rest_route=\/wp\/v2\/media\/619"}],"wp:attachment":[{"href":"https:\/\/wspomozycielka-lodz.pl\/index.php?rest_route=%2Fwp%2Fv2%2Fmedia&parent=936"}],"wp:term":[{"taxonomy":"category","embeddable":true,"href":"https:\/\/wspomozycielka-lodz.pl\/index.php?rest_route=%2Fwp%2Fv2%2Fcategories&post=936"},{"taxonomy":"post_tag","embeddable":true,"href":"https:\/\/wspomozycielka-lodz.pl\/index.php?rest_route=%2Fwp%2Fv2%2Ftags&post=936"}],"curies":[{"name":"wp","href":"https:\/\/api.w.org\/{rel}","templated":true}]}}