{"id":929,"date":"2024-12-07T15:39:30","date_gmt":"2024-12-07T14:39:30","guid":{"rendered":"https:\/\/wspomozycielka-lodz.pl\/?p=929"},"modified":"2024-12-08T23:39:08","modified_gmt":"2024-12-08T22:39:08","slug":"ogloszenia-parafialne-8-12-2024","status":"publish","type":"post","link":"https:\/\/wspomozycielka-lodz.pl\/?p=929","title":{"rendered":"OG\u0141OSZENIA PARAFIALNE (8.12.2024)"},"content":{"rendered":"\n<p>1. Msze roratnie w parafii od poniedzia\u0142ku do soboty o godz. 7.30, a dla dzieci i m\u0142odzie\u017cy w poniedzia\u0142ki o godz. 6.30.<\/p>\n\n\n\n<p>2. Rozpocz\u0119li\u015bmy dzi\u015b parafialne rekolekcje adwentowe, kt\u00f3re g\u0142osi nam ks. Jaros\u0142aw Stasi\u0144ski z salezja\u0144skiego duszpasterstwa akademickiego \u201eW\u0119ze\u0142\u201d w \u0141odzi. Potrwaj\u0105 one do wtorku wed\u0142ug normalnego rozk\u0142adu godzin Mszy \u015bw.<\/p>\n\n\n\n<p>3. Wsp\u00f3lnota Efez wraz z zespo\u0142em Ocaleni Worship zaprasza dzi\u015b na uwielbienie Jezusa o godz. 19.00 w auli szko\u0142y salezja\u0144skiej na Wodnej.<\/p>\n\n\n\n<p>4. W czwartek po Mszy wieczornej adoracja Naj\u015bwi\u0119tszego Sakramentu.<\/p>\n\n\n\n<p>5. W przysz\u0142\u0105 niedziel\u0119 rozpoczniemy nowenn\u0119 do Maryi Wspomo\u017cycielki o godz. 17.40.<\/p>\n\n\n\n<p>6. W przysz\u0142\u0105 niedziel\u0119 po Mszy \u015bw. o godz. 11.30 spotkanie dla kandydat\u00f3w do bierzmowania.<\/p>\n\n\n\n<p>7. W sklepiku parafialnym s\u0105 dost\u0119pne op\u0142atki i \u015bwiece bo\u017conarodzeniowe. R\u00f3wnie\u017c przed wej\u015bciem do ko\u015bcio\u0142a mo\u017cna je naby\u0107 u Salezjan\u00f3w Wsp\u00f3\u0142pracownik\u00f3w.<\/p>\n\n\n\n<p>8. Dzi\u015b przeprowadzana jest zbi\u00f3rka ofiar do puszek na potrzeby Ko\u015bcio\u0142a na Wschodzie.<\/p>\n\n\n\n<p>9. Zapraszamy osoby samotne na spotkanie wigilijne 23 grudnia o godz. 15.00. Aby w nim uczestniczy\u0107, trzeba si\u0119 zapisa\u0107 w kancelarii lub zakrystii.<\/p>\n\n\n\n<p>10. Nasze Oratorium zaprasza w nast\u0119pne niedziele, 15 i 22 grudnia, na kiermasz adwentowy. Po Mszach \u015bw. b\u0119dzie mo\u017cna naby\u0107 m.in. pierniki, s\u0142odycze, kartki \u015bwi\u0105teczne, sianko i ozdoby na choink\u0119. Dzi\u015b natomiast, z okazji uroczysto\u015bci Niepokalanego Pocz\u0119cia NMP, Oratorium zaprasza wszystkich ch\u0119tnych po Mszy \u015bw. o godz. 11.30 na s\u0142odki pocz\u0119stunek oraz gr\u0119 bingo w oratorium. <\/p>\n\n\n\n<p>11. Z naszej wsp\u00f3lnoty parafialnej do wieczno\u015bci odesz\u0142a: Barbara Dusza, lat 66. <em>Wieczny odpoczynek racz jej da\u0107, Panie<\/em>&#8230;<\/p>\n","protected":false},"excerpt":{"rendered":"<p>1. Msze roratnie w parafii od poniedzia\u0142ku do soboty o godz. 7.30, a dla dzieci i m\u0142odzie\u017cy w poniedzia\u0142ki o godz. 6.30. 2. Rozpocz\u0119li\u015bmy dzi\u015b parafialne rekolekcje adwentowe, kt\u00f3re g\u0142osi nam ks. Jaros\u0142aw Stasi\u0144ski z salezja\u0144skiego duszpasterstwa akademickiego \u201eW\u0119ze\u0142\u201d w \u0141odzi. Potrwaj\u0105 one do wtorku wed\u0142ug normalnego rozk\u0142adu godzin Mszy [&hellip;]<\/p>\n","protected":false},"author":2,"featured_media":619,"comment_status":"open","ping_status":"open","sticky":false,"template":"","format":"standard","meta":{"footnotes":""},"categories":[2],"tags":[],"class_list":["post-929","post","type-post","status-publish","format-standard","has-post-thumbnail","hentry","category-aktualnosci"],"_links":{"self":[{"href":"https:\/\/wspomozycielka-lodz.pl\/index.php?rest_route=\/wp\/v2\/posts\/929","targetHints":{"allow":["GET"]}}],"collection":[{"href":"https:\/\/wspomozycielka-lodz.pl\/index.php?rest_route=\/wp\/v2\/posts"}],"about":[{"href":"https:\/\/wspomozycielka-lodz.pl\/index.php?rest_route=\/wp\/v2\/types\/post"}],"author":[{"embeddable":true,"href":"https:\/\/wspomozycielka-lodz.pl\/index.php?rest_route=\/wp\/v2\/users\/2"}],"replies":[{"embeddable":true,"href":"https:\/\/wspomozycielka-lodz.pl\/index.php?rest_route=%2Fwp%2Fv2%2Fcomments&post=929"}],"version-history":[{"count":2,"href":"https:\/\/wspomozycielka-lodz.pl\/index.php?rest_route=\/wp\/v2\/posts\/929\/revisions"}],"predecessor-version":[{"id":931,"href":"https:\/\/wspomozycielka-lodz.pl\/index.php?rest_route=\/wp\/v2\/posts\/929\/revisions\/931"}],"wp:featuredmedia":[{"embeddable":true,"href":"https:\/\/wspomozycielka-lodz.pl\/index.php?rest_route=\/wp\/v2\/media\/619"}],"wp:attachment":[{"href":"https:\/\/wspomozycielka-lodz.pl\/index.php?rest_route=%2Fwp%2Fv2%2Fmedia&parent=929"}],"wp:term":[{"taxonomy":"category","embeddable":true,"href":"https:\/\/wspomozycielka-lodz.pl\/index.php?rest_route=%2Fwp%2Fv2%2Fcategories&post=929"},{"taxonomy":"post_tag","embeddable":true,"href":"https:\/\/wspomozycielka-lodz.pl\/index.php?rest_route=%2Fwp%2Fv2%2Ftags&post=929"}],"curies":[{"name":"wp","href":"https:\/\/api.w.org\/{rel}","templated":true}]}}