{"id":927,"date":"2024-12-01T06:43:27","date_gmt":"2024-12-01T05:43:27","guid":{"rendered":"https:\/\/wspomozycielka-lodz.pl\/?p=927"},"modified":"2024-12-01T06:43:27","modified_gmt":"2024-12-01T05:43:27","slug":"ogloszenia-parafialne-1-12-2024","status":"publish","type":"post","link":"https:\/\/wspomozycielka-lodz.pl\/?p=927","title":{"rendered":"OG\u0141OSZENIA PARAFIALNE (1.12.2024)"},"content":{"rendered":"\n<p>1. Msze roratnie w parafii od poniedzia\u0142ku do soboty o godz. 7.30, a dla dzieci i m\u0142odzie\u017cy w poniedzia\u0142ki o godz. 6.30.<\/p>\n\n\n\n<p>2. Trwamy w nowennie przed uroczysto\u015bci\u0105 Niepokalanego Pocz\u0119cia NMP o godz. 17.40.<\/p>\n\n\n\n<p>3. Jak by\u0142o zapowiadane, dzi\u015b w auli Zespo\u0142u Szk\u00f3l Salezja\u0144skich b\u0119dzie koncert Ch\u00f3ru \u017be\u0144skiego Eufeme po Mszy \u015bw. o godz. 11.30.<\/p>\n\n\n\n<p>4. We wtorek na Mszy wieczornej b\u0119dziemy si\u0119 modli\u0107 za zmar\u0142ych polecanych w wypominkach.<\/p>\n\n\n\n<p>5. W \u015brod\u0119 na Mszy wieczornej uczcimy \u015bw. Barbar\u0119, patronk\u0119 wsp\u00f3lnoty salezja\u0144skiej na Wodnej oraz b\u0119dziemy si\u0119 modli\u0107 w intencji Dobrodziej\u00f3w naszej parafii i dzie\u0142a salezja\u0144skiego oraz w intencji Ojczyzny. Po Mszy wieczornej spotkanie Wieczernika modlitwy za kap\u0142an\u00f3w.<\/p>\n\n\n\n<p>6. W czwartek na Mszy wieczornej b\u0119dziemy si\u0119 modli\u0107 za kap\u0142an\u00f3w i osoby konsekrowane pos\u0142uguj\u0105ce w naszej parafii i o nowe powo\u0142ania. Po Mszy wieczornej adoracja Naj\u015bwi\u0119tszego Sakramentu.<\/p>\n\n\n\n<p>7. W pi\u0105tek od godz. 15.00 Godzina Mi\u0142osierdzia i adoracja Naj\u015bwi\u0119tszego Sakramentu. Po Mszy wieczornej spotkanie wsp\u00f3lnoty Stra\u017cy Honorowej NSPJ.<\/p>\n\n\n\n<p>8. W sobot\u0119 po Mszy porannej nabo\u017ce\u0144stwo i wymiana tajemnic r\u00f3\u017ca\u0144cowych, a po Mszy wieczornej o godz. 19.00 r\u00f3\u017caniec prowadzony przez wsp\u00f3lnot\u0119 \u017bywego R\u00f3\u017ca\u0144ca.<\/p>\n\n\n\n<p>9. W przysz\u0142\u0105 niedziel\u0119 rozpoczniemy parafialne rekolekcje adwentowe, kt\u00f3re wyg\u0142osi nam ks. Jaros\u0142aw Stasi\u0144ski z salezja\u0144skiego duszpasterstwa akademickiego \u201eW\u0119ze\u0142\u201d w \u0141odzi.<\/p>\n\n\n\n<p>10. W sklepiku parafialnym s\u0105 dost\u0119pne op\u0142atki i \u015bwiece bo\u017conarodzeniowe. R\u00f3wnie\u017c przed wej\u015bciem do ko\u015bcio\u0142a mo\u017cna je naby\u0107 u Salezjan\u00f3w Wsp\u00f3\u0142pracownik\u00f3w. <\/p>\n\n\n\n<p>11. W przysz\u0142\u0105 niedziel\u0119 b\u0119dzie spotkanie Salezjan\u00f3w Wsp\u00f3\u0142pracownik\u00f3w po Mszy \u015bwi\u0119tej o godz. 11.30.<\/p>\n","protected":false},"excerpt":{"rendered":"<p>1. Msze roratnie w parafii od poniedzia\u0142ku do soboty o godz. 7.30, a dla dzieci i m\u0142odzie\u017cy w poniedzia\u0142ki o godz. 6.30. 2. Trwamy w nowennie przed uroczysto\u015bci\u0105 Niepokalanego Pocz\u0119cia NMP o godz. 17.40. 3. Jak by\u0142o zapowiadane, dzi\u015b w auli Zespo\u0142u Szk\u00f3l Salezja\u0144skich b\u0119dzie koncert Ch\u00f3ru \u017be\u0144skiego Eufeme po [&hellip;]<\/p>\n","protected":false},"author":2,"featured_media":619,"comment_status":"open","ping_status":"open","sticky":false,"template":"","format":"standard","meta":{"footnotes":""},"categories":[2],"tags":[],"class_list":["post-927","post","type-post","status-publish","format-standard","has-post-thumbnail","hentry","category-aktualnosci"],"_links":{"self":[{"href":"https:\/\/wspomozycielka-lodz.pl\/index.php?rest_route=\/wp\/v2\/posts\/927","targetHints":{"allow":["GET"]}}],"collection":[{"href":"https:\/\/wspomozycielka-lodz.pl\/index.php?rest_route=\/wp\/v2\/posts"}],"about":[{"href":"https:\/\/wspomozycielka-lodz.pl\/index.php?rest_route=\/wp\/v2\/types\/post"}],"author":[{"embeddable":true,"href":"https:\/\/wspomozycielka-lodz.pl\/index.php?rest_route=\/wp\/v2\/users\/2"}],"replies":[{"embeddable":true,"href":"https:\/\/wspomozycielka-lodz.pl\/index.php?rest_route=%2Fwp%2Fv2%2Fcomments&post=927"}],"version-history":[{"count":1,"href":"https:\/\/wspomozycielka-lodz.pl\/index.php?rest_route=\/wp\/v2\/posts\/927\/revisions"}],"predecessor-version":[{"id":928,"href":"https:\/\/wspomozycielka-lodz.pl\/index.php?rest_route=\/wp\/v2\/posts\/927\/revisions\/928"}],"wp:featuredmedia":[{"embeddable":true,"href":"https:\/\/wspomozycielka-lodz.pl\/index.php?rest_route=\/wp\/v2\/media\/619"}],"wp:attachment":[{"href":"https:\/\/wspomozycielka-lodz.pl\/index.php?rest_route=%2Fwp%2Fv2%2Fmedia&parent=927"}],"wp:term":[{"taxonomy":"category","embeddable":true,"href":"https:\/\/wspomozycielka-lodz.pl\/index.php?rest_route=%2Fwp%2Fv2%2Fcategories&post=927"},{"taxonomy":"post_tag","embeddable":true,"href":"https:\/\/wspomozycielka-lodz.pl\/index.php?rest_route=%2Fwp%2Fv2%2Ftags&post=927"}],"curies":[{"name":"wp","href":"https:\/\/api.w.org\/{rel}","templated":true}]}}