{"id":925,"date":"2024-12-01T06:42:33","date_gmt":"2024-12-01T05:42:33","guid":{"rendered":"https:\/\/wspomozycielka-lodz.pl\/?p=925"},"modified":"2024-12-01T06:42:34","modified_gmt":"2024-12-01T05:42:34","slug":"ogloszenia-parafialne-24-11-2024","status":"publish","type":"post","link":"https:\/\/wspomozycielka-lodz.pl\/?p=925","title":{"rendered":"OG\u0141OSZENIA PARAFIALNE (24.11.2024)"},"content":{"rendered":"\n<p>1. Ho\u0142d ku czci Maryi Wspomo\u017cycielki razem z modlitw\u0105 za zmar\u0142ych polecanych w wypominkach dzi\u015b o 17.15. Od poniedzia\u0142ku do czwartku modlitwa za zmar\u0142ych o 17.30, natomiast w pi\u0105tek i sobot\u0119 po\u0142\u0105czona z nowenn\u0105 przed uroczysto\u015bci\u0105 Niepokalanego Pocz\u0119cia NMP o godz. 17.15.<\/p>\n\n\n\n<p>2. W czwartek po Mszy wieczornej adoracja Naj\u015bwi\u0119tszego Sakramentu.<\/p>\n\n\n\n<p>3. W przysz\u0142\u0105 niedziel\u0119 rozpoczynamy nowy rok liturgiczny pierwsz\u0105 niedziel\u0105 Adwentu. Nowenna do Maryi Niepokalanej w przysz\u0142\u0105 niedziel\u0119 o 17.40.<\/p>\n\n\n\n<p>4. W sklepiku parafialnym s\u0105 \u015bwiece bo\u017conarodzeniowe i op\u0142atki. <\/p>\n\n\n\n<p>5. Przypominamy o zaproszeniu na koncert Ch\u00f3ru \u017be\u0144skiego Eufeme, kt\u00f3ry odb\u0119dzie si\u0119 w auli Zespo\u0142u Szk\u00f3l Salezja\u0144skich 1 grudnia po Mszy \u015bw. o godz. 11.30.<\/p>\n","protected":false},"excerpt":{"rendered":"<p>1. Ho\u0142d ku czci Maryi Wspomo\u017cycielki razem z modlitw\u0105 za zmar\u0142ych polecanych w wypominkach dzi\u015b o 17.15. Od poniedzia\u0142ku do czwartku modlitwa za zmar\u0142ych o 17.30, natomiast w pi\u0105tek i sobot\u0119 po\u0142\u0105czona z nowenn\u0105 przed uroczysto\u015bci\u0105 Niepokalanego Pocz\u0119cia NMP o godz. 17.15. 2. W czwartek po Mszy wieczornej adoracja Naj\u015bwi\u0119tszego [&hellip;]<\/p>\n","protected":false},"author":2,"featured_media":619,"comment_status":"open","ping_status":"open","sticky":false,"template":"","format":"standard","meta":{"footnotes":""},"categories":[2],"tags":[],"class_list":["post-925","post","type-post","status-publish","format-standard","has-post-thumbnail","hentry","category-aktualnosci"],"_links":{"self":[{"href":"https:\/\/wspomozycielka-lodz.pl\/index.php?rest_route=\/wp\/v2\/posts\/925","targetHints":{"allow":["GET"]}}],"collection":[{"href":"https:\/\/wspomozycielka-lodz.pl\/index.php?rest_route=\/wp\/v2\/posts"}],"about":[{"href":"https:\/\/wspomozycielka-lodz.pl\/index.php?rest_route=\/wp\/v2\/types\/post"}],"author":[{"embeddable":true,"href":"https:\/\/wspomozycielka-lodz.pl\/index.php?rest_route=\/wp\/v2\/users\/2"}],"replies":[{"embeddable":true,"href":"https:\/\/wspomozycielka-lodz.pl\/index.php?rest_route=%2Fwp%2Fv2%2Fcomments&post=925"}],"version-history":[{"count":1,"href":"https:\/\/wspomozycielka-lodz.pl\/index.php?rest_route=\/wp\/v2\/posts\/925\/revisions"}],"predecessor-version":[{"id":926,"href":"https:\/\/wspomozycielka-lodz.pl\/index.php?rest_route=\/wp\/v2\/posts\/925\/revisions\/926"}],"wp:featuredmedia":[{"embeddable":true,"href":"https:\/\/wspomozycielka-lodz.pl\/index.php?rest_route=\/wp\/v2\/media\/619"}],"wp:attachment":[{"href":"https:\/\/wspomozycielka-lodz.pl\/index.php?rest_route=%2Fwp%2Fv2%2Fmedia&parent=925"}],"wp:term":[{"taxonomy":"category","embeddable":true,"href":"https:\/\/wspomozycielka-lodz.pl\/index.php?rest_route=%2Fwp%2Fv2%2Fcategories&post=925"},{"taxonomy":"post_tag","embeddable":true,"href":"https:\/\/wspomozycielka-lodz.pl\/index.php?rest_route=%2Fwp%2Fv2%2Ftags&post=925"}],"curies":[{"name":"wp","href":"https:\/\/api.w.org\/{rel}","templated":true}]}}