{"id":923,"date":"2024-12-01T06:41:39","date_gmt":"2024-12-01T05:41:39","guid":{"rendered":"https:\/\/wspomozycielka-lodz.pl\/?p=923"},"modified":"2024-12-01T06:41:41","modified_gmt":"2024-12-01T05:41:41","slug":"ogloszenia-parafialne-17-11-2024","status":"publish","type":"post","link":"https:\/\/wspomozycielka-lodz.pl\/?p=923","title":{"rendered":"OG\u0141OSZENIA PARAFIALNE (17.11.2024)"},"content":{"rendered":"\n<p>1. Modlitwa r\u00f3\u017ca\u0144cowa za zmar\u0142ych polecanych w wypominkach razem z nowenn\u0105 do Maryi Wspomo\u017cycielki o 17.15.<\/p>\n\n\n\n<p>2. W czwartek po Mszy wieczornej adoracja Naj\u015bwi\u0119tszego Sakramentu.<\/p>\n\n\n\n<p>3. W przysz\u0142\u0105 niedziel\u0119 na Msz\u0119 \u015bw. o godz. 11.30 i spotkanie po niej zapraszamy dzieci przygotowuj\u0105ce si\u0119 do pierwszej Komunii \u015awi\u0119tej.<\/p>\n\n\n\n<p>4. W przysz\u0142\u0105 niedziel\u0119 ho\u0142d ku czci Maryi Wspomo\u017cycielki razem z modlitw\u0105 za zmar\u0142ych polecanych w wypominkach o 17.15.<\/p>\n\n\n\n<p>5. W sklepiku parafialnym s\u0105 \u015bwiece bo\u017conarodzeniowe. <\/p>\n\n\n\n<p>6. Serdecznie zapraszamy na koncert Ch\u00f3ru \u017be\u0144skiego Eufeme, kt\u00f3ry odb\u0119dzie si\u0119 w auli Zespo\u0142u Szk\u00f3l Salezja\u0144skich w dniu 01.12.2024 po Mszy \u015bw. o godz. 11.30. Ch\u00f3r mia\u0142 okazj\u0119 wyst\u0119powa\u0107 ju\u017c w naszej parafii z koncertem kol\u0119d w styczniu tego roku, a tak\u017ce z koncertem pasyjnym Stabat Mater Dolorosa w marcu. Na zbli\u017caj\u0105cym si\u0119 grudniowym koncercie Ch\u00f3r zaprezentuje repertuar z muzyki rozrywkowej, mi\u0119dzy innymi znane przeboje The Beatles, Elvisa Presleya, Enyi oraz wiele innych utwor\u00f3w w aran\u017cacji ch\u00f3ralnej. Dyryguj\u0105: Micha\u0142 Jan Bara\u0144ski oraz Aleksandra Orczykowska-Piotrowska. Akompaniuje: Aleksandra Orczykowska-Piotrowska.<\/p>\n","protected":false},"excerpt":{"rendered":"<p>1. Modlitwa r\u00f3\u017ca\u0144cowa za zmar\u0142ych polecanych w wypominkach razem z nowenn\u0105 do Maryi Wspomo\u017cycielki o 17.15. 2. W czwartek po Mszy wieczornej adoracja Naj\u015bwi\u0119tszego Sakramentu. 3. W przysz\u0142\u0105 niedziel\u0119 na Msz\u0119 \u015bw. o godz. 11.30 i spotkanie po niej zapraszamy dzieci przygotowuj\u0105ce si\u0119 do pierwszej Komunii \u015awi\u0119tej. 4. W przysz\u0142\u0105 [&hellip;]<\/p>\n","protected":false},"author":2,"featured_media":619,"comment_status":"open","ping_status":"open","sticky":false,"template":"","format":"standard","meta":{"footnotes":""},"categories":[2],"tags":[],"class_list":["post-923","post","type-post","status-publish","format-standard","has-post-thumbnail","hentry","category-aktualnosci"],"_links":{"self":[{"href":"https:\/\/wspomozycielka-lodz.pl\/index.php?rest_route=\/wp\/v2\/posts\/923","targetHints":{"allow":["GET"]}}],"collection":[{"href":"https:\/\/wspomozycielka-lodz.pl\/index.php?rest_route=\/wp\/v2\/posts"}],"about":[{"href":"https:\/\/wspomozycielka-lodz.pl\/index.php?rest_route=\/wp\/v2\/types\/post"}],"author":[{"embeddable":true,"href":"https:\/\/wspomozycielka-lodz.pl\/index.php?rest_route=\/wp\/v2\/users\/2"}],"replies":[{"embeddable":true,"href":"https:\/\/wspomozycielka-lodz.pl\/index.php?rest_route=%2Fwp%2Fv2%2Fcomments&post=923"}],"version-history":[{"count":1,"href":"https:\/\/wspomozycielka-lodz.pl\/index.php?rest_route=\/wp\/v2\/posts\/923\/revisions"}],"predecessor-version":[{"id":924,"href":"https:\/\/wspomozycielka-lodz.pl\/index.php?rest_route=\/wp\/v2\/posts\/923\/revisions\/924"}],"wp:featuredmedia":[{"embeddable":true,"href":"https:\/\/wspomozycielka-lodz.pl\/index.php?rest_route=\/wp\/v2\/media\/619"}],"wp:attachment":[{"href":"https:\/\/wspomozycielka-lodz.pl\/index.php?rest_route=%2Fwp%2Fv2%2Fmedia&parent=923"}],"wp:term":[{"taxonomy":"category","embeddable":true,"href":"https:\/\/wspomozycielka-lodz.pl\/index.php?rest_route=%2Fwp%2Fv2%2Fcategories&post=923"},{"taxonomy":"post_tag","embeddable":true,"href":"https:\/\/wspomozycielka-lodz.pl\/index.php?rest_route=%2Fwp%2Fv2%2Ftags&post=923"}],"curies":[{"name":"wp","href":"https:\/\/api.w.org\/{rel}","templated":true}]}}