{"id":917,"date":"2024-10-28T17:01:40","date_gmt":"2024-10-28T16:01:40","guid":{"rendered":"https:\/\/wspomozycielka-lodz.pl\/?p=917"},"modified":"2024-10-28T17:01:41","modified_gmt":"2024-10-28T16:01:41","slug":"ogloszenia-parafialne-27-10-2024","status":"publish","type":"post","link":"https:\/\/wspomozycielka-lodz.pl\/?p=917","title":{"rendered":"OG\u0141OSZENIA PARAFIALNE (27.10.2024)"},"content":{"rendered":"\n<p>1. Nabo\u017ce\u0144stwa r\u00f3\u017ca\u0144cowe do czwartku o godz. 17.30. R\u00f3\u017caniec dla dzieci we wtorek o 16.30.<\/p>\n\n\n\n<p>2. Ostatnie dni przygotowania do oddania si\u0119 Matce Bo\u017cej codziennie o godz. 20.30. W czwartek, na zako\u0144czenie przygotowania, b\u0119dzie uroczysty akt oddania swojego \u017cycia Maryi. Na stoliku s\u0105 przygotowane kartki z tre\u015bci\u0105 aktu oddania z jednej strony, natomiast z drugiej strony jest miejsce, gdzie nale\u017cy w\u0142asnor\u0119cznie go przepisa\u0107 i podpisa\u0107. Potem je przynosimy w czwartek, aby wypowiedzie\u0107 sw\u00f3j akt oddania. Prosz\u0119 te\u017c przynie\u015b\u0107 za sob\u0105 \u015bwiec\u0119. Je\u015bli kto\u015b nie b\u0119dzie m\u00f3g\u0142 by\u0107 w czwartek, niech uczyni to samemu tam, gdzie b\u0119dzie, przed obrazem czy figur\u0105 Maryi.<\/p>\n\n\n\n<p>3. W poniedzia\u0142ek na Mszy wieczornej b\u0119dziemy si\u0119 modli\u0107 w intencji ks. Tadeusza Furdyny w dniu jego imienin.<\/p>\n\n\n\n<p>4. W czwartek wspomnienie miesi\u0119czne Ksi\u0119dza Bosko. Po Mszy wieczornej adoracja Naj\u015bwi\u0119tszego Sakramentu.<\/p>\n\n\n\n<p>5. W pi\u0105tek obchodzimy uroczysto\u015b\u0107 Wszystkich \u015awi\u0119tych. W tym dniu istnieje obowi\u0105zek uczestnictwa w Eucharystii. Msze \u015bwi\u0119te jak w niedziel\u0119. Z racji uroczysto\u015bci nie obowi\u0105zuje wstrzemi\u0119\u017aliwo\u015b\u0107 od pokarm\u00f3w mi\u0119snych.<\/p>\n\n\n\n<p>6. Przypominamy, \u017ce od 1 do 8 listopada w\u0142\u0105cznie mo\u017cna zyska\u0107 codziennie odpust zupe\u0142ny za pobo\u017cne nawiedzenie cmentarza i odm\u00f3wienie modlitwy za zmar\u0142ych. Odpust ten mo\u017cna ofiarowa\u0107 tylko za zmar\u0142ych.<\/p>\n\n\n\n<p>7. W pi\u0105tek o godz. 17.30 rozpoczynamy listopadow\u0105 modlitw\u0119 za zmar\u0142ych polecanych w wypominkach. Numery wypomink\u00f3w z przypisanymi dniami tygodnia b\u0119d\u0105 od pi\u0105tku umieszczone w gablocie. Mo\u017cna jeszcze przynosi\u0107 zg\u0142oszenia na wypominki za naszych zmar\u0142ych.<\/p>\n\n\n\n<p>8. W sobot\u0119 prze\u017cywamy w liturgii Wspomnienie Wszystkich Wiernych Zmar\u0142ych. Po Mszy porannej nabo\u017ce\u0144stwo i wymiana tajemnic r\u00f3\u017ca\u0144cowych, a po Mszy wieczornej o godz. 19.00 r\u00f3\u017caniec prowadzony przez wsp\u00f3lnot\u0119 \u017bywego R\u00f3\u017ca\u0144ca.<\/p>\n","protected":false},"excerpt":{"rendered":"<p>1. Nabo\u017ce\u0144stwa r\u00f3\u017ca\u0144cowe do czwartku o godz. 17.30. R\u00f3\u017caniec dla dzieci we wtorek o 16.30. 2. Ostatnie dni przygotowania do oddania si\u0119 Matce Bo\u017cej codziennie o godz. 20.30. W czwartek, na zako\u0144czenie przygotowania, b\u0119dzie uroczysty akt oddania swojego \u017cycia Maryi. Na stoliku s\u0105 przygotowane kartki z tre\u015bci\u0105 aktu oddania z [&hellip;]<\/p>\n","protected":false},"author":2,"featured_media":619,"comment_status":"open","ping_status":"open","sticky":false,"template":"","format":"standard","meta":{"footnotes":""},"categories":[2],"tags":[],"class_list":["post-917","post","type-post","status-publish","format-standard","has-post-thumbnail","hentry","category-aktualnosci"],"_links":{"self":[{"href":"https:\/\/wspomozycielka-lodz.pl\/index.php?rest_route=\/wp\/v2\/posts\/917","targetHints":{"allow":["GET"]}}],"collection":[{"href":"https:\/\/wspomozycielka-lodz.pl\/index.php?rest_route=\/wp\/v2\/posts"}],"about":[{"href":"https:\/\/wspomozycielka-lodz.pl\/index.php?rest_route=\/wp\/v2\/types\/post"}],"author":[{"embeddable":true,"href":"https:\/\/wspomozycielka-lodz.pl\/index.php?rest_route=\/wp\/v2\/users\/2"}],"replies":[{"embeddable":true,"href":"https:\/\/wspomozycielka-lodz.pl\/index.php?rest_route=%2Fwp%2Fv2%2Fcomments&post=917"}],"version-history":[{"count":1,"href":"https:\/\/wspomozycielka-lodz.pl\/index.php?rest_route=\/wp\/v2\/posts\/917\/revisions"}],"predecessor-version":[{"id":918,"href":"https:\/\/wspomozycielka-lodz.pl\/index.php?rest_route=\/wp\/v2\/posts\/917\/revisions\/918"}],"wp:featuredmedia":[{"embeddable":true,"href":"https:\/\/wspomozycielka-lodz.pl\/index.php?rest_route=\/wp\/v2\/media\/619"}],"wp:attachment":[{"href":"https:\/\/wspomozycielka-lodz.pl\/index.php?rest_route=%2Fwp%2Fv2%2Fmedia&parent=917"}],"wp:term":[{"taxonomy":"category","embeddable":true,"href":"https:\/\/wspomozycielka-lodz.pl\/index.php?rest_route=%2Fwp%2Fv2%2Fcategories&post=917"},{"taxonomy":"post_tag","embeddable":true,"href":"https:\/\/wspomozycielka-lodz.pl\/index.php?rest_route=%2Fwp%2Fv2%2Ftags&post=917"}],"curies":[{"name":"wp","href":"https:\/\/api.w.org\/{rel}","templated":true}]}}