{"id":913,"date":"2024-10-13T06:45:46","date_gmt":"2024-10-13T04:45:46","guid":{"rendered":"https:\/\/wspomozycielka-lodz.pl\/?p=913"},"modified":"2024-10-13T06:45:51","modified_gmt":"2024-10-13T04:45:51","slug":"ogloszenia-parafialne-13-10-2024","status":"publish","type":"post","link":"https:\/\/wspomozycielka-lodz.pl\/?p=913","title":{"rendered":"OG\u0141OSZENIA PARAFIALNE (13.10.2024)"},"content":{"rendered":"\n<p>1. Nabo\u017ce\u0144stwa r\u00f3\u017ca\u0144cowe do poniedzia\u0142ku o godz. 17.30, a od wtorku wraz z nowenn\u0105 do Maryi Wspomo\u017cycielki o godz. 17.15. R\u00f3\u017caniec dla dzieci we wtorki o 16.30.<\/p>\n\n\n\n<p>2. Trwamy w przygotowaniu do oddania si\u0119 Matce Bo\u017cej codziennie o godz. 20.30.<\/p>\n\n\n\n<p>3. W czwartek po Mszy wieczornej adoracja Naj\u015bwi\u0119tszego Sakramentu.<\/p>\n\n\n\n<p>4. W przysz\u0142\u0105 niedziel\u0119 po Mszy \u015bw. o godz. 11.30 spotkanie dla kandydat\u00f3w do bierzmowania.<\/p>\n\n\n\n<p>5. Przyjmujemy zg\u0142oszenia na wypominki za naszych zmar\u0142ych, za kt\u00f3rych b\u0119dziemy si\u0119 modli\u0107 przez ca\u0142y listopad oraz potem przez ca\u0142y rok w ka\u017cdy pierwszy wtorek miesi\u0105ca na Mszy \u015bw.<\/p>\n\n\n\n<p>6. Z okazji Dnia Papieskiego przeprowadzana jest dzi\u015b zbi\u00f3rka ofiar do puszek na Fundacj\u0119 Dzie\u0142o Nowego Tysi\u0105clecia prowadz\u0105c\u0105 program stypendialny dla zdolnej m\u0142odzie\u017cy pochodz\u0105cej z niezamo\u017cnych rodzin. <\/p>\n\n\n\n<p>7. Z naszej wsp\u00f3lnoty parafialnej do wieczno\u015bci odesz\u0142a: Leokadia Stefankiewicz, lat 94. W miniony pi\u0105tek w wieku 76 lat zmar\u0142 \u015bp. Jerzy, tato ks. Dariusza Husaka. <em>Wieczny odpoczynek racz im da\u0107, Panie<\/em>&#8230;<\/p>\n","protected":false},"excerpt":{"rendered":"<p>1. Nabo\u017ce\u0144stwa r\u00f3\u017ca\u0144cowe do poniedzia\u0142ku o godz. 17.30, a od wtorku wraz z nowenn\u0105 do Maryi Wspomo\u017cycielki o godz. 17.15. R\u00f3\u017caniec dla dzieci we wtorki o 16.30. 2. Trwamy w przygotowaniu do oddania si\u0119 Matce Bo\u017cej codziennie o godz. 20.30. 3. W czwartek po Mszy wieczornej adoracja Naj\u015bwi\u0119tszego Sakramentu. 4. [&hellip;]<\/p>\n","protected":false},"author":2,"featured_media":619,"comment_status":"open","ping_status":"open","sticky":false,"template":"","format":"standard","meta":{"footnotes":""},"categories":[2],"tags":[],"class_list":["post-913","post","type-post","status-publish","format-standard","has-post-thumbnail","hentry","category-aktualnosci"],"_links":{"self":[{"href":"https:\/\/wspomozycielka-lodz.pl\/index.php?rest_route=\/wp\/v2\/posts\/913","targetHints":{"allow":["GET"]}}],"collection":[{"href":"https:\/\/wspomozycielka-lodz.pl\/index.php?rest_route=\/wp\/v2\/posts"}],"about":[{"href":"https:\/\/wspomozycielka-lodz.pl\/index.php?rest_route=\/wp\/v2\/types\/post"}],"author":[{"embeddable":true,"href":"https:\/\/wspomozycielka-lodz.pl\/index.php?rest_route=\/wp\/v2\/users\/2"}],"replies":[{"embeddable":true,"href":"https:\/\/wspomozycielka-lodz.pl\/index.php?rest_route=%2Fwp%2Fv2%2Fcomments&post=913"}],"version-history":[{"count":1,"href":"https:\/\/wspomozycielka-lodz.pl\/index.php?rest_route=\/wp\/v2\/posts\/913\/revisions"}],"predecessor-version":[{"id":914,"href":"https:\/\/wspomozycielka-lodz.pl\/index.php?rest_route=\/wp\/v2\/posts\/913\/revisions\/914"}],"wp:featuredmedia":[{"embeddable":true,"href":"https:\/\/wspomozycielka-lodz.pl\/index.php?rest_route=\/wp\/v2\/media\/619"}],"wp:attachment":[{"href":"https:\/\/wspomozycielka-lodz.pl\/index.php?rest_route=%2Fwp%2Fv2%2Fmedia&parent=913"}],"wp:term":[{"taxonomy":"category","embeddable":true,"href":"https:\/\/wspomozycielka-lodz.pl\/index.php?rest_route=%2Fwp%2Fv2%2Fcategories&post=913"},{"taxonomy":"post_tag","embeddable":true,"href":"https:\/\/wspomozycielka-lodz.pl\/index.php?rest_route=%2Fwp%2Fv2%2Ftags&post=913"}],"curies":[{"name":"wp","href":"https:\/\/api.w.org\/{rel}","templated":true}]}}