{"id":909,"date":"2024-09-28T14:04:50","date_gmt":"2024-09-28T12:04:50","guid":{"rendered":"https:\/\/wspomozycielka-lodz.pl\/?p=909"},"modified":"2024-09-28T14:04:54","modified_gmt":"2024-09-28T12:04:54","slug":"ogloszenia-parafialne-29-09-2024","status":"publish","type":"post","link":"https:\/\/wspomozycielka-lodz.pl\/?p=909","title":{"rendered":"OG\u0141OSZENIA PARAFIALNE (29.09.2024)"},"content":{"rendered":"\n<p>1. Dzi\u015b wieczorem o godz. 20.30 rozpoczniemy 33-dniowe rekolekcje oddania si\u0119 Matce Bo\u017cej.<\/p>\n\n\n\n<p>2. W poniedzia\u0142ek wspomnienie miesi\u0119czne \u015bw. Jana Bosko.<\/p>\n\n\n\n<p>3. We wtorek rozpoczynamy codzienne nabo\u017ce\u0144stwa r\u00f3\u017ca\u0144cowe o godz. 17.30. Dla dzieci r\u00f3\u017caniec we wtorki o 16.30. Na Mszy wieczornej we wtorek b\u0119dziemy si\u0119 modli\u0107 si\u0119 za zmar\u0142ych polecanych w wypominkach.<\/p>\n\n\n\n<p>4. W \u015brod\u0119 na Mszy wieczornej b\u0119dziemy si\u0119 modli\u0107 za dobrodziej\u00f3w naszej parafii i ca\u0142ego dzie\u0142a salezja\u0144skiego na Wodnej oraz w intencji naszej Ojczyzny. Po Mszy wieczornej spotkanie wsp\u00f3lnoty Wieczernika modlitwy za kap\u0142an\u00f3w.<\/p>\n\n\n\n<p>5. W czwartek na Mszy wieczornej b\u0119dziemy si\u0119 modli\u0107 za kap\u0142an\u00f3w i osoby konsekrowane pos\u0142uguj\u0105ce w naszej parafii i o nowe powo\u0142ania. Po Mszy wieczornej adoracja Naj\u015bwi\u0119tszego Sakramentu.<\/p>\n\n\n\n<p>6. W pi\u0105tek odwiedziny chorych przed po\u0142udniem. Od godz. 15.00 Godzina Mi\u0142osierdzia i adoracja Naj\u015bwi\u0119tszego Sakramentu. Po Mszy wieczornej spotkanie wsp\u00f3lnoty Stra\u017cy Honorowej NSPJ.<\/p>\n\n\n\n<p>7. W sobot\u0119 po Mszy porannej nabo\u017ce\u0144stwo i wymiana tajemnic r\u00f3\u017ca\u0144cowych, a po Mszy wieczornej o godz. 19.00 r\u00f3\u017caniec prowadzony przez wsp\u00f3lnot\u0119 \u017bywego R\u00f3\u017ca\u0144ca.<\/p>\n\n\n\n<p>8. Dzi\u015b mo\u017cna z\u0142o\u017cy\u0107 ofiar\u0119 do puszki na Radio Maryja. <\/p>\n\n\n\n<p>9. Z naszej wsp\u00f3lnoty parafialnej do wieczno\u015bci odszed\u0142: Sergiusz Stawowy, lat 73. <em>Wieczny odpoczynek racz mu da\u0107, Panie<\/em>&#8230;<\/p>\n","protected":false},"excerpt":{"rendered":"<p>1. Dzi\u015b wieczorem o godz. 20.30 rozpoczniemy 33-dniowe rekolekcje oddania si\u0119 Matce Bo\u017cej. 2. W poniedzia\u0142ek wspomnienie miesi\u0119czne \u015bw. Jana Bosko. 3. We wtorek rozpoczynamy codzienne nabo\u017ce\u0144stwa r\u00f3\u017ca\u0144cowe o godz. 17.30. Dla dzieci r\u00f3\u017caniec we wtorki o 16.30. Na Mszy wieczornej we wtorek b\u0119dziemy si\u0119 modli\u0107 si\u0119 za zmar\u0142ych polecanych [&hellip;]<\/p>\n","protected":false},"author":2,"featured_media":619,"comment_status":"open","ping_status":"open","sticky":false,"template":"","format":"standard","meta":{"footnotes":""},"categories":[2],"tags":[],"class_list":["post-909","post","type-post","status-publish","format-standard","has-post-thumbnail","hentry","category-aktualnosci"],"_links":{"self":[{"href":"https:\/\/wspomozycielka-lodz.pl\/index.php?rest_route=\/wp\/v2\/posts\/909","targetHints":{"allow":["GET"]}}],"collection":[{"href":"https:\/\/wspomozycielka-lodz.pl\/index.php?rest_route=\/wp\/v2\/posts"}],"about":[{"href":"https:\/\/wspomozycielka-lodz.pl\/index.php?rest_route=\/wp\/v2\/types\/post"}],"author":[{"embeddable":true,"href":"https:\/\/wspomozycielka-lodz.pl\/index.php?rest_route=\/wp\/v2\/users\/2"}],"replies":[{"embeddable":true,"href":"https:\/\/wspomozycielka-lodz.pl\/index.php?rest_route=%2Fwp%2Fv2%2Fcomments&post=909"}],"version-history":[{"count":1,"href":"https:\/\/wspomozycielka-lodz.pl\/index.php?rest_route=\/wp\/v2\/posts\/909\/revisions"}],"predecessor-version":[{"id":910,"href":"https:\/\/wspomozycielka-lodz.pl\/index.php?rest_route=\/wp\/v2\/posts\/909\/revisions\/910"}],"wp:featuredmedia":[{"embeddable":true,"href":"https:\/\/wspomozycielka-lodz.pl\/index.php?rest_route=\/wp\/v2\/media\/619"}],"wp:attachment":[{"href":"https:\/\/wspomozycielka-lodz.pl\/index.php?rest_route=%2Fwp%2Fv2%2Fmedia&parent=909"}],"wp:term":[{"taxonomy":"category","embeddable":true,"href":"https:\/\/wspomozycielka-lodz.pl\/index.php?rest_route=%2Fwp%2Fv2%2Fcategories&post=909"},{"taxonomy":"post_tag","embeddable":true,"href":"https:\/\/wspomozycielka-lodz.pl\/index.php?rest_route=%2Fwp%2Fv2%2Ftags&post=909"}],"curies":[{"name":"wp","href":"https:\/\/api.w.org\/{rel}","templated":true}]}}