{"id":897,"date":"2024-09-14T21:11:43","date_gmt":"2024-09-14T19:11:43","guid":{"rendered":"https:\/\/wspomozycielka-lodz.pl\/?p=897"},"modified":"2024-09-14T21:11:44","modified_gmt":"2024-09-14T19:11:44","slug":"ogloszenia-parafialne-15-09-2024","status":"publish","type":"post","link":"https:\/\/wspomozycielka-lodz.pl\/?p=897","title":{"rendered":"OG\u0141OSZENIA PARAFIALNE (15.09.2024)"},"content":{"rendered":"\n<p>1. Dzi\u015b rozpoczynamy nowenn\u0119 do Maryi Wspomo\u017cycielki o godz. 17.40.<\/p>\n\n\n\n<p>2. We wtorek na Mszy wieczornej b\u0119dziemy si\u0119 modli\u0107 w intencji ks. Roberta Bednarskiego z okazji jego imienin.<\/p>\n\n\n\n<p>3. W czwartek po Mszy wieczornej adoracja Naj\u015bwi\u0119tszego Sakramentu.<\/p>\n\n\n\n<p>4. W przysz\u0142\u0105 niedziel\u0119 na Msz\u0119 \u015bw. o godz. 11.30 i spotkanie po niej zapraszamy dzieci przygotowuj\u0105ce si\u0119 do pierwszej Komunii \u015awi\u0119tej w naszej parafii.<\/p>\n\n\n\n<p>5. Pod koniec wrze\u015bnia rozpoczniemy 33-dniowe rekolekcje oddania Matce Bo\u017cej. Zach\u0119camy do udzia\u0142u w nich. Rozpocz\u0119cie w niedziel\u0119, 29 wrze\u015bnia, o godz. 20.30. <\/p>\n\n\n\n<p>6. W miniony pi\u0105tek w Pabianicach po\u017cegnali\u015bmy \u015bp. Wies\u0142awa, tat\u0119 ks. Macieja Drewniaka z naszej wsp\u00f3lnoty salezja\u0144skiej. Pan Wies\u0142aw prze\u017cy\u0142 86 lat. Z naszej wsp\u00f3lnoty parafialnej natomiast do wieczno\u015bci odesz\u0142a: Krystyna Wysota, lat 58. <em>Wieczny odpoczynek racz im da\u0107, Panie<\/em>&#8230;<\/p>\n","protected":false},"excerpt":{"rendered":"<p>1. Dzi\u015b rozpoczynamy nowenn\u0119 do Maryi Wspomo\u017cycielki o godz. 17.40. 2. We wtorek na Mszy wieczornej b\u0119dziemy si\u0119 modli\u0107 w intencji ks. Roberta Bednarskiego z okazji jego imienin. 3. W czwartek po Mszy wieczornej adoracja Naj\u015bwi\u0119tszego Sakramentu. 4. W przysz\u0142\u0105 niedziel\u0119 na Msz\u0119 \u015bw. o godz. 11.30 i spotkanie po [&hellip;]<\/p>\n","protected":false},"author":2,"featured_media":619,"comment_status":"open","ping_status":"open","sticky":false,"template":"","format":"standard","meta":{"footnotes":""},"categories":[2],"tags":[],"class_list":["post-897","post","type-post","status-publish","format-standard","has-post-thumbnail","hentry","category-aktualnosci"],"_links":{"self":[{"href":"https:\/\/wspomozycielka-lodz.pl\/index.php?rest_route=\/wp\/v2\/posts\/897","targetHints":{"allow":["GET"]}}],"collection":[{"href":"https:\/\/wspomozycielka-lodz.pl\/index.php?rest_route=\/wp\/v2\/posts"}],"about":[{"href":"https:\/\/wspomozycielka-lodz.pl\/index.php?rest_route=\/wp\/v2\/types\/post"}],"author":[{"embeddable":true,"href":"https:\/\/wspomozycielka-lodz.pl\/index.php?rest_route=\/wp\/v2\/users\/2"}],"replies":[{"embeddable":true,"href":"https:\/\/wspomozycielka-lodz.pl\/index.php?rest_route=%2Fwp%2Fv2%2Fcomments&post=897"}],"version-history":[{"count":1,"href":"https:\/\/wspomozycielka-lodz.pl\/index.php?rest_route=\/wp\/v2\/posts\/897\/revisions"}],"predecessor-version":[{"id":898,"href":"https:\/\/wspomozycielka-lodz.pl\/index.php?rest_route=\/wp\/v2\/posts\/897\/revisions\/898"}],"wp:featuredmedia":[{"embeddable":true,"href":"https:\/\/wspomozycielka-lodz.pl\/index.php?rest_route=\/wp\/v2\/media\/619"}],"wp:attachment":[{"href":"https:\/\/wspomozycielka-lodz.pl\/index.php?rest_route=%2Fwp%2Fv2%2Fmedia&parent=897"}],"wp:term":[{"taxonomy":"category","embeddable":true,"href":"https:\/\/wspomozycielka-lodz.pl\/index.php?rest_route=%2Fwp%2Fv2%2Fcategories&post=897"},{"taxonomy":"post_tag","embeddable":true,"href":"https:\/\/wspomozycielka-lodz.pl\/index.php?rest_route=%2Fwp%2Fv2%2Ftags&post=897"}],"curies":[{"name":"wp","href":"https:\/\/api.w.org\/{rel}","templated":true}]}}