{"id":895,"date":"2024-09-07T09:21:59","date_gmt":"2024-09-07T07:21:59","guid":{"rendered":"https:\/\/wspomozycielka-lodz.pl\/?p=895"},"modified":"2024-09-07T09:22:02","modified_gmt":"2024-09-07T07:22:02","slug":"ogloszenia-parafialne-8-09-2024","status":"publish","type":"post","link":"https:\/\/wspomozycielka-lodz.pl\/?p=895","title":{"rendered":"OG\u0141OSZENIA PARAFIALNE (8.09.2024)"},"content":{"rendered":"\n<p>1. W czwartek po Mszy wieczornej adoracja Naj\u015bwi\u0119tszego Sakramentu.<\/p>\n\n\n\n<p>2. W przysz\u0142\u0105 niedziel\u0119 po Mszy \u015bw. o godz. 11.30 spotkanie kandydat\u00f3w do bierzmowania.<\/p>\n\n\n\n<p>3. W przysz\u0142\u0105 niedziel\u0119 rozpoczniemy nowenn\u0119 do Maryi Wspomo\u017cycielki o 17.40.<\/p>\n\n\n\n<p>4. Salezjanie z parafii \u015bw. Teresy i \u015bw. Jana Bosko w \u0141odzi organizuj\u0105 pielgrzymk\u0119 do Guadalupe w Meksyku w dniach od 21 listopada do 2 grudnia. Zainteresowane osoby niech si\u0119 zg\u0142osz\u0105 do proboszcza na Wodnej. <\/p>\n\n\n\n<p>5. Z naszej wsp\u00f3lnoty parafialnej do wieczno\u015bci odesz\u0142a: Gra\u017cyna W\u0119glewska, lat 69. <em>Wieczny odpoczynek racz jej da\u0107, Panie<\/em>&#8230;<\/p>\n","protected":false},"excerpt":{"rendered":"<p>1. W czwartek po Mszy wieczornej adoracja Naj\u015bwi\u0119tszego Sakramentu. 2. W przysz\u0142\u0105 niedziel\u0119 po Mszy \u015bw. o godz. 11.30 spotkanie kandydat\u00f3w do bierzmowania. 3. W przysz\u0142\u0105 niedziel\u0119 rozpoczniemy nowenn\u0119 do Maryi Wspomo\u017cycielki o 17.40. 4. Salezjanie z parafii \u015bw. Teresy i \u015bw. Jana Bosko w \u0141odzi organizuj\u0105 pielgrzymk\u0119 do Guadalupe [&hellip;]<\/p>\n","protected":false},"author":2,"featured_media":619,"comment_status":"open","ping_status":"open","sticky":false,"template":"","format":"standard","meta":{"footnotes":""},"categories":[2],"tags":[],"class_list":["post-895","post","type-post","status-publish","format-standard","has-post-thumbnail","hentry","category-aktualnosci"],"_links":{"self":[{"href":"https:\/\/wspomozycielka-lodz.pl\/index.php?rest_route=\/wp\/v2\/posts\/895","targetHints":{"allow":["GET"]}}],"collection":[{"href":"https:\/\/wspomozycielka-lodz.pl\/index.php?rest_route=\/wp\/v2\/posts"}],"about":[{"href":"https:\/\/wspomozycielka-lodz.pl\/index.php?rest_route=\/wp\/v2\/types\/post"}],"author":[{"embeddable":true,"href":"https:\/\/wspomozycielka-lodz.pl\/index.php?rest_route=\/wp\/v2\/users\/2"}],"replies":[{"embeddable":true,"href":"https:\/\/wspomozycielka-lodz.pl\/index.php?rest_route=%2Fwp%2Fv2%2Fcomments&post=895"}],"version-history":[{"count":1,"href":"https:\/\/wspomozycielka-lodz.pl\/index.php?rest_route=\/wp\/v2\/posts\/895\/revisions"}],"predecessor-version":[{"id":896,"href":"https:\/\/wspomozycielka-lodz.pl\/index.php?rest_route=\/wp\/v2\/posts\/895\/revisions\/896"}],"wp:featuredmedia":[{"embeddable":true,"href":"https:\/\/wspomozycielka-lodz.pl\/index.php?rest_route=\/wp\/v2\/media\/619"}],"wp:attachment":[{"href":"https:\/\/wspomozycielka-lodz.pl\/index.php?rest_route=%2Fwp%2Fv2%2Fmedia&parent=895"}],"wp:term":[{"taxonomy":"category","embeddable":true,"href":"https:\/\/wspomozycielka-lodz.pl\/index.php?rest_route=%2Fwp%2Fv2%2Fcategories&post=895"},{"taxonomy":"post_tag","embeddable":true,"href":"https:\/\/wspomozycielka-lodz.pl\/index.php?rest_route=%2Fwp%2Fv2%2Ftags&post=895"}],"curies":[{"name":"wp","href":"https:\/\/api.w.org\/{rel}","templated":true}]}}