{"id":893,"date":"2024-08-26T15:20:16","date_gmt":"2024-08-26T13:20:16","guid":{"rendered":"https:\/\/wspomozycielka-lodz.pl\/?p=893"},"modified":"2024-08-26T15:20:17","modified_gmt":"2024-08-26T13:20:17","slug":"ogloszenia-parafialne-1-09-2024","status":"publish","type":"post","link":"https:\/\/wspomozycielka-lodz.pl\/?p=893","title":{"rendered":"OG\u0141OSZENIA PARAFIALNE (1.09.2024)"},"content":{"rendered":"\n<p>1. Dzi\u015b nasz\u0105 wsp\u00f3lnot\u0119 zakonn\u0105 opuszcza kl. Chrispin, kt\u00f3ry rozpocznie studia teologiczne w seminarium salezja\u0144skim z Krakowie. Niech nasza modlitwa towarzyszy jego dalszej formacji.<\/p>\n\n\n\n<p>2. Sko\u0144czy\u0142 si\u0119 czas wakacyjny, dlatego wracamy do naszych sta\u0142ych nabo\u017ce\u0144stw i spotka\u0144. Od nowego tygodnia kancelaria parafialna b\u0119dzie czynna ju\u017c od wtorku do pi\u0105tku w godz. 10.00-11.30 i 16.00-17.00.<\/p>\n\n\n\n<p>3. We wtorek na Mszy wieczornej b\u0119dziemy si\u0119 modli\u0107 za zmar\u0142ych polecanych w wypominkach.<\/p>\n\n\n\n<p>4. W \u015brod\u0119 na Mszy wieczornej b\u0119dziemy si\u0119 modli\u0107 za dobrodziej\u00f3w naszej parafii i ca\u0142ego dzie\u0142a salezja\u0144skiego na Wodnej oraz w intencji naszej Ojczyzny. Po Mszy wieczornej spotkanie Wieczernika Modlitwy za Kap\u0142an\u00f3w.<\/p>\n\n\n\n<p>5. W czwartek na Mszy wieczornej b\u0119dziemy si\u0119 modli\u0107 za kap\u0142an\u00f3w i osoby konsekrowane pos\u0142uguj\u0105ce w naszej parafii i o nowe powo\u0142ania. Po Mszy wieczornej adoracja Naj\u015bwi\u0119tszego Sakramentu.<\/p>\n\n\n\n<p>6. W pi\u0105tek odwiedziny chorych przed po\u0142udniem. Od godz. 15.00 Godzina Mi\u0142osierdzia i adoracja Naj\u015bwi\u0119tszego Sakramentu. Po Mszy wieczornej spotkanie wsp\u00f3lnoty Stra\u017cy Honorowej NSPJ.<\/p>\n\n\n\n<p>7. W sobot\u0119 po Mszy porannej nabo\u017ce\u0144stwo i wymiana tajemnic r\u00f3\u017ca\u0144cowych, a po Mszy wieczornej o godz. 19.00 r\u00f3\u017caniec prowadzony przez wsp\u00f3lnot\u0119 \u017bywego R\u00f3\u017ca\u0144ca.<\/p>\n\n\n\n<p>8. W przysz\u0142\u0105 niedziel\u0119 po Mszy \u015bw. o godz. 11.30 spotkanie Salezjan\u00f3w Wsp\u00f3\u0142pracownik\u00f3w.<\/p>\n\n\n\n<p>9. Oratorium dzi\u0119kuje wszystkim ofiarodawcom, kt\u00f3rzy wsparli dzia\u0142ania wakacyjne. Z naszych form wypoczynku skorzysta\u0142o prawie 170 os\u00f3b. Dzi\u0119ki pomocy darczy\u0144c\u00f3w dofinansowano: p\u00f3\u0142kolonie, kolonie profilaktyczne, \u201eW\u0119drowne Oratorium\u201d, wyjazd na Campo Bosco i dzia\u0142ania \u201eLetniego Oratorium\u201d. Odwdzi\u0119czamy si\u0119 modlitw\u0105 dzieci i m\u0142odzie\u017cy oratoryjnej w ka\u017cd\u0105 \u015brod\u0119 oraz cukierkami, kt\u00f3re s\u0105 wy\u0142o\u017cone na stoliku przy wyj\u015bciu z ko\u015bcio\u0142a. Nasze oratorium zach\u0119ca dzieci od lat 7 i m\u0142odzie\u017c do ucz\u0119szczania na zaj\u0119cia w ci\u0105gu roku szkolnego. Oratorium jest czynne od poniedzia\u0142ku do pi\u0105tku w godzinach od 12.00 do 20.00. W programie s\u0105 zaj\u0119cia rekreacyjne, sportowe, muzyczne, plastyczne, pomoc w nauce, \u0107wiczenia socjoterapeutyczne, zaj\u0119cia og\u00f3lnorozwojowe, edukacyjne i integracyjne. Zapraszamy tak\u017ce do grupy lider\u00f3w, wolontariuszy i animator\u00f3w osoby od 12. roku \u017cycia. Karty zapisu do oratorium s\u0105 wy\u0142o\u017cone przy biurze parafialnym oraz w biurze oratorium. Wszelkie informacje u kierownika oratorium \u2013 ks. Piotra. <\/p>\n\n\n\n<p>10. Zapraszamy ch\u0142opc\u00f3w po 2. klasie szko\u0142y podstawowej, m\u0142odzie\u017c m\u0119sk\u0105 i ch\u0119tnych pan\u00f3w do S\u0142u\u017cby liturgicznej w naszej parafii. Informacje u ks. opiekuna Piotra Szlufika. Pierwsze spotkanie powakacyjne dla ca\u0142ej s\u0142u\u017cby b\u0119dzie w niedziel\u0119 8 wrze\u015bnia po mszy \u015bw. o 11.30.<\/p>\n","protected":false},"excerpt":{"rendered":"<p>1. Dzi\u015b nasz\u0105 wsp\u00f3lnot\u0119 zakonn\u0105 opuszcza kl. Chrispin, kt\u00f3ry rozpocznie studia teologiczne w seminarium salezja\u0144skim z Krakowie. Niech nasza modlitwa towarzyszy jego dalszej formacji. 2. Sko\u0144czy\u0142 si\u0119 czas wakacyjny, dlatego wracamy do naszych sta\u0142ych nabo\u017ce\u0144stw i spotka\u0144. Od nowego tygodnia kancelaria parafialna b\u0119dzie czynna ju\u017c od wtorku do pi\u0105tku w [&hellip;]<\/p>\n","protected":false},"author":2,"featured_media":619,"comment_status":"open","ping_status":"open","sticky":false,"template":"","format":"standard","meta":{"footnotes":""},"categories":[2],"tags":[],"class_list":["post-893","post","type-post","status-publish","format-standard","has-post-thumbnail","hentry","category-aktualnosci"],"_links":{"self":[{"href":"https:\/\/wspomozycielka-lodz.pl\/index.php?rest_route=\/wp\/v2\/posts\/893","targetHints":{"allow":["GET"]}}],"collection":[{"href":"https:\/\/wspomozycielka-lodz.pl\/index.php?rest_route=\/wp\/v2\/posts"}],"about":[{"href":"https:\/\/wspomozycielka-lodz.pl\/index.php?rest_route=\/wp\/v2\/types\/post"}],"author":[{"embeddable":true,"href":"https:\/\/wspomozycielka-lodz.pl\/index.php?rest_route=\/wp\/v2\/users\/2"}],"replies":[{"embeddable":true,"href":"https:\/\/wspomozycielka-lodz.pl\/index.php?rest_route=%2Fwp%2Fv2%2Fcomments&post=893"}],"version-history":[{"count":1,"href":"https:\/\/wspomozycielka-lodz.pl\/index.php?rest_route=\/wp\/v2\/posts\/893\/revisions"}],"predecessor-version":[{"id":894,"href":"https:\/\/wspomozycielka-lodz.pl\/index.php?rest_route=\/wp\/v2\/posts\/893\/revisions\/894"}],"wp:featuredmedia":[{"embeddable":true,"href":"https:\/\/wspomozycielka-lodz.pl\/index.php?rest_route=\/wp\/v2\/media\/619"}],"wp:attachment":[{"href":"https:\/\/wspomozycielka-lodz.pl\/index.php?rest_route=%2Fwp%2Fv2%2Fmedia&parent=893"}],"wp:term":[{"taxonomy":"category","embeddable":true,"href":"https:\/\/wspomozycielka-lodz.pl\/index.php?rest_route=%2Fwp%2Fv2%2Fcategories&post=893"},{"taxonomy":"post_tag","embeddable":true,"href":"https:\/\/wspomozycielka-lodz.pl\/index.php?rest_route=%2Fwp%2Fv2%2Ftags&post=893"}],"curies":[{"name":"wp","href":"https:\/\/api.w.org\/{rel}","templated":true}]}}