{"id":889,"date":"2024-08-15T13:56:56","date_gmt":"2024-08-15T11:56:56","guid":{"rendered":"https:\/\/wspomozycielka-lodz.pl\/?p=889"},"modified":"2024-08-15T13:56:57","modified_gmt":"2024-08-15T11:56:57","slug":"ogloszenia-parafialne-18-08-2024","status":"publish","type":"post","link":"https:\/\/wspomozycielka-lodz.pl\/?p=889","title":{"rendered":"OG\u0141OSZENIA PARAFIALNE (18.08.2024)"},"content":{"rendered":"\n<p>1. Caritas Archidiecezji \u0141\u00f3dzkiej organizuje akcj\u0119 \u201eTornister pe\u0142en u\u015bmiech\u00f3w\u201d. Celem akcji jest skompletowanie i przekazanie wyprawek szkolnych najbardziej potrzebuj\u0105cym takiego wsparcia dzieciom. Najpotrzebniejsze artyku\u0142y szkolne to: zeszyty, o\u0142\u00f3wki, d\u0142ugopisy, linijki, cyrkiel, kredki, kolorowy i bia\u0142y papier, szkicownik, markery, ta\u015bma klej\u0105ca, klej, pi\u00f3rniki, ok\u0142adki na zeszyty. Na stoliku przy skarbonie s\u0105 przygotowane tytki papierowe na artku\u0142y szkolne. Zakupione artyku\u0142y dla dzieci i m\u0142odzie\u017cy mo\u017cna przynie\u015b\u0107 do parafii najp\u00f3\u017aniej do niedzieli, 1 wrze\u015bnia br., tak, by mog\u0142y trafi\u0107 na pocz\u0105tku nowego roku szkolnego do dzieci.<\/p>\n","protected":false},"excerpt":{"rendered":"<p>1. Caritas Archidiecezji \u0141\u00f3dzkiej organizuje akcj\u0119 \u201eTornister pe\u0142en u\u015bmiech\u00f3w\u201d. Celem akcji jest skompletowanie i przekazanie wyprawek szkolnych najbardziej potrzebuj\u0105cym takiego wsparcia dzieciom. Najpotrzebniejsze artyku\u0142y szkolne to: zeszyty, o\u0142\u00f3wki, d\u0142ugopisy, linijki, cyrkiel, kredki, kolorowy i bia\u0142y papier, szkicownik, markery, ta\u015bma klej\u0105ca, klej, pi\u00f3rniki, ok\u0142adki na zeszyty. Na stoliku przy skarbonie s\u0105 [&hellip;]<\/p>\n","protected":false},"author":2,"featured_media":619,"comment_status":"open","ping_status":"open","sticky":false,"template":"","format":"standard","meta":{"footnotes":""},"categories":[2],"tags":[],"class_list":["post-889","post","type-post","status-publish","format-standard","has-post-thumbnail","hentry","category-aktualnosci"],"_links":{"self":[{"href":"https:\/\/wspomozycielka-lodz.pl\/index.php?rest_route=\/wp\/v2\/posts\/889","targetHints":{"allow":["GET"]}}],"collection":[{"href":"https:\/\/wspomozycielka-lodz.pl\/index.php?rest_route=\/wp\/v2\/posts"}],"about":[{"href":"https:\/\/wspomozycielka-lodz.pl\/index.php?rest_route=\/wp\/v2\/types\/post"}],"author":[{"embeddable":true,"href":"https:\/\/wspomozycielka-lodz.pl\/index.php?rest_route=\/wp\/v2\/users\/2"}],"replies":[{"embeddable":true,"href":"https:\/\/wspomozycielka-lodz.pl\/index.php?rest_route=%2Fwp%2Fv2%2Fcomments&post=889"}],"version-history":[{"count":1,"href":"https:\/\/wspomozycielka-lodz.pl\/index.php?rest_route=\/wp\/v2\/posts\/889\/revisions"}],"predecessor-version":[{"id":890,"href":"https:\/\/wspomozycielka-lodz.pl\/index.php?rest_route=\/wp\/v2\/posts\/889\/revisions\/890"}],"wp:featuredmedia":[{"embeddable":true,"href":"https:\/\/wspomozycielka-lodz.pl\/index.php?rest_route=\/wp\/v2\/media\/619"}],"wp:attachment":[{"href":"https:\/\/wspomozycielka-lodz.pl\/index.php?rest_route=%2Fwp%2Fv2%2Fmedia&parent=889"}],"wp:term":[{"taxonomy":"category","embeddable":true,"href":"https:\/\/wspomozycielka-lodz.pl\/index.php?rest_route=%2Fwp%2Fv2%2Fcategories&post=889"},{"taxonomy":"post_tag","embeddable":true,"href":"https:\/\/wspomozycielka-lodz.pl\/index.php?rest_route=%2Fwp%2Fv2%2Ftags&post=889"}],"curies":[{"name":"wp","href":"https:\/\/api.w.org\/{rel}","templated":true}]}}