{"id":877,"date":"2024-06-30T20:47:58","date_gmt":"2024-06-30T18:47:58","guid":{"rendered":"https:\/\/wspomozycielka-lodz.pl\/?p=877"},"modified":"2024-06-30T20:48:03","modified_gmt":"2024-06-30T18:48:03","slug":"ogloszenia-parafialne-30-06-2024","status":"publish","type":"post","link":"https:\/\/wspomozycielka-lodz.pl\/?p=877","title":{"rendered":"OG\u0141OSZENIA PARAFIALNE (30.06.2024)"},"content":{"rendered":"\n<p>1. Nabo\u017ce\u0144stwo czerwcowe o godz. 17.30.<\/p>\n\n\n\n<p>2. We wtorek na Mszy wieczornej b\u0119dziemy si\u0119 modli\u0107 za zmar\u0142ych polecanych w wypominkach.<\/p>\n\n\n\n<p>3. W \u015brod\u0119 na Mszy wieczornej b\u0119dziemy si\u0119 modli\u0107 w intencji dobrodziej\u00f3w i naszej Ojczyzny.<\/p>\n\n\n\n<p>4. W czwartek na Mszy wieczornej b\u0119dziemy si\u0119 modli\u0107 w intencji kap\u0142an\u00f3w i os\u00f3b konsekrowanych pos\u0142uguj\u0105cych w naszej parafii oraz o nowe powo\u0142ania kap\u0142a\u0144skie, zakonne i misyjne.<\/p>\n\n\n\n<p>5. Z naszej wsp\u00f3lnoty parafialnej do wieczno\u015bci odeszli: W\u0142odzimierz Laskowski, lat 75; Krystyna Wojtczak, lat 76. <em>Wieczny odpoczynek racz im da\u0107, Panie<\/em>&#8230;<\/p>\n","protected":false},"excerpt":{"rendered":"<p>1. Nabo\u017ce\u0144stwo czerwcowe o godz. 17.30. 2. We wtorek na Mszy wieczornej b\u0119dziemy si\u0119 modli\u0107 za zmar\u0142ych polecanych w wypominkach. 3. W \u015brod\u0119 na Mszy wieczornej b\u0119dziemy si\u0119 modli\u0107 w intencji dobrodziej\u00f3w i naszej Ojczyzny. 4. W czwartek na Mszy wieczornej b\u0119dziemy si\u0119 modli\u0107 w intencji kap\u0142an\u00f3w i os\u00f3b konsekrowanych [&hellip;]<\/p>\n","protected":false},"author":2,"featured_media":619,"comment_status":"open","ping_status":"open","sticky":false,"template":"","format":"standard","meta":{"footnotes":""},"categories":[2],"tags":[],"class_list":["post-877","post","type-post","status-publish","format-standard","has-post-thumbnail","hentry","category-aktualnosci"],"_links":{"self":[{"href":"https:\/\/wspomozycielka-lodz.pl\/index.php?rest_route=\/wp\/v2\/posts\/877","targetHints":{"allow":["GET"]}}],"collection":[{"href":"https:\/\/wspomozycielka-lodz.pl\/index.php?rest_route=\/wp\/v2\/posts"}],"about":[{"href":"https:\/\/wspomozycielka-lodz.pl\/index.php?rest_route=\/wp\/v2\/types\/post"}],"author":[{"embeddable":true,"href":"https:\/\/wspomozycielka-lodz.pl\/index.php?rest_route=\/wp\/v2\/users\/2"}],"replies":[{"embeddable":true,"href":"https:\/\/wspomozycielka-lodz.pl\/index.php?rest_route=%2Fwp%2Fv2%2Fcomments&post=877"}],"version-history":[{"count":1,"href":"https:\/\/wspomozycielka-lodz.pl\/index.php?rest_route=\/wp\/v2\/posts\/877\/revisions"}],"predecessor-version":[{"id":878,"href":"https:\/\/wspomozycielka-lodz.pl\/index.php?rest_route=\/wp\/v2\/posts\/877\/revisions\/878"}],"wp:featuredmedia":[{"embeddable":true,"href":"https:\/\/wspomozycielka-lodz.pl\/index.php?rest_route=\/wp\/v2\/media\/619"}],"wp:attachment":[{"href":"https:\/\/wspomozycielka-lodz.pl\/index.php?rest_route=%2Fwp%2Fv2%2Fmedia&parent=877"}],"wp:term":[{"taxonomy":"category","embeddable":true,"href":"https:\/\/wspomozycielka-lodz.pl\/index.php?rest_route=%2Fwp%2Fv2%2Fcategories&post=877"},{"taxonomy":"post_tag","embeddable":true,"href":"https:\/\/wspomozycielka-lodz.pl\/index.php?rest_route=%2Fwp%2Fv2%2Ftags&post=877"}],"curies":[{"name":"wp","href":"https:\/\/api.w.org\/{rel}","templated":true}]}}