{"id":875,"date":"2024-06-22T08:53:04","date_gmt":"2024-06-22T06:53:04","guid":{"rendered":"https:\/\/wspomozycielka-lodz.pl\/?p=875"},"modified":"2024-06-22T08:53:07","modified_gmt":"2024-06-22T06:53:07","slug":"ogloszenia-parafialne-23-06-2024","status":"publish","type":"post","link":"https:\/\/wspomozycielka-lodz.pl\/?p=875","title":{"rendered":"OG\u0141OSZENIA PARAFIALNE (23.06.2024)"},"content":{"rendered":"\n<p>1. Nabo\u017ce\u0144stwo czerwcowe dzi\u015b o godz. 17.15, w poniedzia\u0142ek wraz z ho\u0142dem ku czci Maryi Wspomo\u017cycielki o godz. 17.00, a od wtorku do ko\u0144ca miesi\u0105ca o godz. 17.30.<\/p>\n\n\n\n<p>2. W poniedzia\u0142ek obchodzi\u0107 b\u0119dziemy uroczysto\u015b\u0107 Narodzenia \u015bw. Jana Chrzciciela. O godz. 17.00 ho\u0142d ku czci Matki Bo\u017cej Wspomo\u017cenia Wiernych.<\/p>\n\n\n\n<p>3. W sobot\u0119 obchodzi\u0107 b\u0119dziemy uroczysto\u015b\u0107 \u015awi\u0119tych Aposto\u0142\u00f3w Piotra i Paw\u0142a. Na Mszy wieczornej b\u0119dziemy si\u0119 modli\u0107 za solenizant\u00f3w: ks. Paw\u0142a Szczepa\u0144skiego, ks. Piotra Boczul\u0119 i ks. Piotra Szlufika. Ofiary zbierane w tym dniu s\u0105 przeznaczone na potrzeby Stolicy Apostolskiej.<\/p>\n\n\n\n<p>4. Rozpocz\u0105\u0142 si\u0119 okres wakacyjny, dlatego kancelaria parafialna b\u0119dzie czynna tylko we wtorki i czwartki. W pilnych sprawach prosz\u0119 si\u0119 kontaktowa\u0107 telefonicznie lub przez portierni\u0119 domu zakonnego. W czasie wakacyjnym nie b\u0119dzie te\u017c spotka\u0144 grup parafialnych, nowenny do Wspomo\u017cycielki oraz czwartkowych adoracji. Powr\u00f3cimy do naszych praktyk duchowych i spotka\u0144 od wrze\u015bnia. <\/p>\n\n\n\n<p>5. Z naszej wsp\u00f3lnoty parafialnej do wieczno\u015bci odszed\u0142: Zdzis\u0142aw Nega, lat 69. <em>Wieczny odpoczynek racz mu da\u0107, Panie<\/em>&#8230;<\/p>\n","protected":false},"excerpt":{"rendered":"<p>1. Nabo\u017ce\u0144stwo czerwcowe dzi\u015b o godz. 17.15, w poniedzia\u0142ek wraz z ho\u0142dem ku czci Maryi Wspomo\u017cycielki o godz. 17.00, a od wtorku do ko\u0144ca miesi\u0105ca o godz. 17.30. 2. W poniedzia\u0142ek obchodzi\u0107 b\u0119dziemy uroczysto\u015b\u0107 Narodzenia \u015bw. Jana Chrzciciela. O godz. 17.00 ho\u0142d ku czci Matki Bo\u017cej Wspomo\u017cenia Wiernych. 3. W [&hellip;]<\/p>\n","protected":false},"author":2,"featured_media":619,"comment_status":"open","ping_status":"open","sticky":false,"template":"","format":"standard","meta":{"footnotes":""},"categories":[2],"tags":[],"class_list":["post-875","post","type-post","status-publish","format-standard","has-post-thumbnail","hentry","category-aktualnosci"],"_links":{"self":[{"href":"https:\/\/wspomozycielka-lodz.pl\/index.php?rest_route=\/wp\/v2\/posts\/875","targetHints":{"allow":["GET"]}}],"collection":[{"href":"https:\/\/wspomozycielka-lodz.pl\/index.php?rest_route=\/wp\/v2\/posts"}],"about":[{"href":"https:\/\/wspomozycielka-lodz.pl\/index.php?rest_route=\/wp\/v2\/types\/post"}],"author":[{"embeddable":true,"href":"https:\/\/wspomozycielka-lodz.pl\/index.php?rest_route=\/wp\/v2\/users\/2"}],"replies":[{"embeddable":true,"href":"https:\/\/wspomozycielka-lodz.pl\/index.php?rest_route=%2Fwp%2Fv2%2Fcomments&post=875"}],"version-history":[{"count":1,"href":"https:\/\/wspomozycielka-lodz.pl\/index.php?rest_route=\/wp\/v2\/posts\/875\/revisions"}],"predecessor-version":[{"id":876,"href":"https:\/\/wspomozycielka-lodz.pl\/index.php?rest_route=\/wp\/v2\/posts\/875\/revisions\/876"}],"wp:featuredmedia":[{"embeddable":true,"href":"https:\/\/wspomozycielka-lodz.pl\/index.php?rest_route=\/wp\/v2\/media\/619"}],"wp:attachment":[{"href":"https:\/\/wspomozycielka-lodz.pl\/index.php?rest_route=%2Fwp%2Fv2%2Fmedia&parent=875"}],"wp:term":[{"taxonomy":"category","embeddable":true,"href":"https:\/\/wspomozycielka-lodz.pl\/index.php?rest_route=%2Fwp%2Fv2%2Fcategories&post=875"},{"taxonomy":"post_tag","embeddable":true,"href":"https:\/\/wspomozycielka-lodz.pl\/index.php?rest_route=%2Fwp%2Fv2%2Ftags&post=875"}],"curies":[{"name":"wp","href":"https:\/\/api.w.org\/{rel}","templated":true}]}}