{"id":873,"date":"2024-06-17T10:26:41","date_gmt":"2024-06-17T08:26:41","guid":{"rendered":"https:\/\/wspomozycielka-lodz.pl\/?p=873"},"modified":"2024-06-17T10:26:45","modified_gmt":"2024-06-17T08:26:45","slug":"ogloszenia-parafialne-16-06-2024","status":"publish","type":"post","link":"https:\/\/wspomozycielka-lodz.pl\/?p=873","title":{"rendered":"OG\u0141OSZENIA PARAFIALNE (16.06.2024)"},"content":{"rendered":"\n<p>1. Nabo\u017ce\u0144stwa czerwcowe po\u0142\u0105czone z nowenn\u0105 do Maryi Wspomo\u017cycielki o godz. 17.15.<\/p>\n\n\n\n<p>2. W czwartek po Mszy wieczornej adoracja Naj\u015bwi\u0119tszego Sakramentu.<\/p>\n\n\n\n<p>3. Salezjanie zapraszaj\u0105 ch\u0142opc\u00f3w i dziewcz\u0119ta do nauki informatyki i mechatroniki w Technikum Salezja\u0144skim, a tak\u017ce mechatroniki we wsp\u00f3\u0142pracy z przedsi\u0119biorstwami z bran\u017cy kolejowej oraz energetyki odnawialnej w Salezja\u0144skiej Szkole Bran\u017cowej I stopnia. Nauka w obu szko\u0142ach jest nieodp\u0142atna. Rekrutacja trwa do ko\u0144ca czerwca br. Dla uczni\u00f3w spoza \u0141odzi mo\u017cliwe jest zakwaterowanie w bursie salezja\u0144skiej. Wi\u0119cej informacji na stronie internetowej: www.szkolyrzemiosl.edu.pl oraz pod numerem telefonu 22 6718480. <\/p>\n\n\n\n<p>5. Nasze Oratorium organizuje w wakacje: dwa turnusy p\u00f3\u0142kolonii dla dzieci i m\u0142odzie\u017cy, Letni\u0105 M\u0142odzie\u017cow\u0105 Szko\u0142\u0119 Lidera i Wolontariusza, lipcowe kolonie dla trzydziestu os\u00f3b z plac\u00f3wek wsparcia dziennego w dziele salezja\u0144skim w O\u015bwi\u0119cimiu, \u201eW\u0119drowne oratorium\u201d od 29 lipca do 2 sierpnia oraz wyjazd na \u201eCampo Bosco\u201d do Czerwi\u0144ska nad Wis\u0142\u0105 od 22 do 25 sierpnia.\u00a0\u00a0Wydarzenia dofinansowa\u0142y: Kuratorium O\u015bwiaty w \u0141odzi, Urz\u0105d Miasta \u0141odzi \u2013 Wydzia\u0142 Zdrowia i Spraw Spo\u0142ecznych, osoby prywatne i ofiarodawcy z parafii. Wszystkim za to wsparcie serdecznie dzi\u0119kujemy.<\/p>\n","protected":false},"excerpt":{"rendered":"<p>1. Nabo\u017ce\u0144stwa czerwcowe po\u0142\u0105czone z nowenn\u0105 do Maryi Wspomo\u017cycielki o godz. 17.15. 2. W czwartek po Mszy wieczornej adoracja Naj\u015bwi\u0119tszego Sakramentu. 3. Salezjanie zapraszaj\u0105 ch\u0142opc\u00f3w i dziewcz\u0119ta do nauki informatyki i mechatroniki w Technikum Salezja\u0144skim, a tak\u017ce mechatroniki we wsp\u00f3\u0142pracy z przedsi\u0119biorstwami z bran\u017cy kolejowej oraz energetyki odnawialnej w Salezja\u0144skiej [&hellip;]<\/p>\n","protected":false},"author":2,"featured_media":619,"comment_status":"open","ping_status":"open","sticky":false,"template":"","format":"standard","meta":{"footnotes":""},"categories":[2],"tags":[],"class_list":["post-873","post","type-post","status-publish","format-standard","has-post-thumbnail","hentry","category-aktualnosci"],"_links":{"self":[{"href":"https:\/\/wspomozycielka-lodz.pl\/index.php?rest_route=\/wp\/v2\/posts\/873","targetHints":{"allow":["GET"]}}],"collection":[{"href":"https:\/\/wspomozycielka-lodz.pl\/index.php?rest_route=\/wp\/v2\/posts"}],"about":[{"href":"https:\/\/wspomozycielka-lodz.pl\/index.php?rest_route=\/wp\/v2\/types\/post"}],"author":[{"embeddable":true,"href":"https:\/\/wspomozycielka-lodz.pl\/index.php?rest_route=\/wp\/v2\/users\/2"}],"replies":[{"embeddable":true,"href":"https:\/\/wspomozycielka-lodz.pl\/index.php?rest_route=%2Fwp%2Fv2%2Fcomments&post=873"}],"version-history":[{"count":1,"href":"https:\/\/wspomozycielka-lodz.pl\/index.php?rest_route=\/wp\/v2\/posts\/873\/revisions"}],"predecessor-version":[{"id":874,"href":"https:\/\/wspomozycielka-lodz.pl\/index.php?rest_route=\/wp\/v2\/posts\/873\/revisions\/874"}],"wp:featuredmedia":[{"embeddable":true,"href":"https:\/\/wspomozycielka-lodz.pl\/index.php?rest_route=\/wp\/v2\/media\/619"}],"wp:attachment":[{"href":"https:\/\/wspomozycielka-lodz.pl\/index.php?rest_route=%2Fwp%2Fv2%2Fmedia&parent=873"}],"wp:term":[{"taxonomy":"category","embeddable":true,"href":"https:\/\/wspomozycielka-lodz.pl\/index.php?rest_route=%2Fwp%2Fv2%2Fcategories&post=873"},{"taxonomy":"post_tag","embeddable":true,"href":"https:\/\/wspomozycielka-lodz.pl\/index.php?rest_route=%2Fwp%2Fv2%2Ftags&post=873"}],"curies":[{"name":"wp","href":"https:\/\/api.w.org\/{rel}","templated":true}]}}