{"id":869,"date":"2024-06-02T21:37:04","date_gmt":"2024-06-02T19:37:04","guid":{"rendered":"https:\/\/wspomozycielka-lodz.pl\/?p=869"},"modified":"2024-06-02T21:37:04","modified_gmt":"2024-06-02T19:37:04","slug":"ogloszenia-parafialne-2-06-2024","status":"publish","type":"post","link":"https:\/\/wspomozycielka-lodz.pl\/?p=869","title":{"rendered":"OG\u0141OSZENIA PARAFIALNE (2.06.2024)"},"content":{"rendered":"\n<p>1. Nabo\u017ce\u0144stwa czerwcowe o godz. 17.30.<\/p>\n\n\n\n<p>2. We wtorek na Mszy wieczornej b\u0119dziemy si\u0119 modli\u0107 za zmar\u0142ych polecanych w wypominkach. Po Mszy spotkanie biblijne.<\/p>\n\n\n\n<p>3. W \u015brod\u0119 po Mszy wieczornej spotkanie Wieczernika modlitwy za kap\u0142an\u00f3w.<\/p>\n\n\n\n<p>4. W czwartek na Mszy wieczornej b\u0119dziemy si\u0119 modli\u0107 za kap\u0142an\u00f3w i osoby konsekrowane pos\u0142uguj\u0105ce w naszej parafii i o nowe powo\u0142ania. Po Mszy wieczornej adoracja Naj\u015bwi\u0119tszego Sakramentu.<\/p>\n\n\n\n<p>5. W pi\u0105tek obchodzi\u0107 b\u0119dziemy uroczysto\u015b\u0107 Naj\u015bwi\u0119tszego Serca Pana Jezusa. Od godz. 15.00 Godzina Mi\u0142osierdzia i adoracja Naj\u015bwi\u0119tszego Sakramentu. Nabo\u017ce\u0144stwo prowadzone przez wsp\u00f3lnot\u0119 Stra\u017cy Honorowej od godz. 17.00, a o godz. 17.30 nabo\u017ce\u0144stwo czerwcowe. Po Mszy wieczornej spotkanie wsp\u00f3lnoty Stra\u017cy Honorowej NSPJ. Z racji uroczysto\u015bci w tym dniu nie obowi\u0105zuje wstrzemi\u0119\u017aliwo\u015b\u0107 od pokarm\u00f3w mi\u0119snych.<\/p>\n\n\n\n<p>6. W przysz\u0142\u0105 niedziel\u0119 Msza w intencji Salezjan\u00f3w Wsp\u00f3\u0142pracownik\u00f3w o godz. 11.30, a spotkanie przedwakacyjne o godz. 15.00.<\/p>\n\n\n\n<p>7. Dzi\u015b przeprowadzana jest zbi\u00f3rka ofiar do puszek na budow\u0119 \u015bwi\u0105tyni Opatrzno\u015bci Bo\u017cej w Warszawie.<\/p>\n\n\n\n<p>8. Dzi\u015b te\u017c i w przysz\u0142\u0105 niedziel\u0119 b\u0119dzie mo\u017cna z\u0142o\u017cy\u0107 ofiary do puszki na wydarzenia wakacyjne organizowane przez nasze oratorium dla dzieci z biedniejszych rodzin. Za wszelkie wsparcie sk\u0142adamy serdeczne B\u00f3g zap\u0142a\u0107. <\/p>\n\n\n\n<p>9. Z naszej wsp\u00f3lnoty parafialnej do wieczno\u015bci odesz\u0142a: Teresa Worach-Zawadzka, lat 74. <em>Wieczny odpoczynek racz jej da\u0107, Panie<\/em>&#8230;<\/p>\n","protected":false},"excerpt":{"rendered":"<p>1. Nabo\u017ce\u0144stwa czerwcowe o godz. 17.30. 2. We wtorek na Mszy wieczornej b\u0119dziemy si\u0119 modli\u0107 za zmar\u0142ych polecanych w wypominkach. Po Mszy spotkanie biblijne. 3. W \u015brod\u0119 po Mszy wieczornej spotkanie Wieczernika modlitwy za kap\u0142an\u00f3w. 4. W czwartek na Mszy wieczornej b\u0119dziemy si\u0119 modli\u0107 za kap\u0142an\u00f3w i osoby konsekrowane pos\u0142uguj\u0105ce [&hellip;]<\/p>\n","protected":false},"author":2,"featured_media":619,"comment_status":"open","ping_status":"open","sticky":false,"template":"","format":"standard","meta":{"footnotes":""},"categories":[2],"tags":[],"class_list":["post-869","post","type-post","status-publish","format-standard","has-post-thumbnail","hentry","category-aktualnosci"],"_links":{"self":[{"href":"https:\/\/wspomozycielka-lodz.pl\/index.php?rest_route=\/wp\/v2\/posts\/869","targetHints":{"allow":["GET"]}}],"collection":[{"href":"https:\/\/wspomozycielka-lodz.pl\/index.php?rest_route=\/wp\/v2\/posts"}],"about":[{"href":"https:\/\/wspomozycielka-lodz.pl\/index.php?rest_route=\/wp\/v2\/types\/post"}],"author":[{"embeddable":true,"href":"https:\/\/wspomozycielka-lodz.pl\/index.php?rest_route=\/wp\/v2\/users\/2"}],"replies":[{"embeddable":true,"href":"https:\/\/wspomozycielka-lodz.pl\/index.php?rest_route=%2Fwp%2Fv2%2Fcomments&post=869"}],"version-history":[{"count":1,"href":"https:\/\/wspomozycielka-lodz.pl\/index.php?rest_route=\/wp\/v2\/posts\/869\/revisions"}],"predecessor-version":[{"id":870,"href":"https:\/\/wspomozycielka-lodz.pl\/index.php?rest_route=\/wp\/v2\/posts\/869\/revisions\/870"}],"wp:featuredmedia":[{"embeddable":true,"href":"https:\/\/wspomozycielka-lodz.pl\/index.php?rest_route=\/wp\/v2\/media\/619"}],"wp:attachment":[{"href":"https:\/\/wspomozycielka-lodz.pl\/index.php?rest_route=%2Fwp%2Fv2%2Fmedia&parent=869"}],"wp:term":[{"taxonomy":"category","embeddable":true,"href":"https:\/\/wspomozycielka-lodz.pl\/index.php?rest_route=%2Fwp%2Fv2%2Fcategories&post=869"},{"taxonomy":"post_tag","embeddable":true,"href":"https:\/\/wspomozycielka-lodz.pl\/index.php?rest_route=%2Fwp%2Fv2%2Ftags&post=869"}],"curies":[{"name":"wp","href":"https:\/\/api.w.org\/{rel}","templated":true}]}}