{"id":867,"date":"2024-05-25T10:13:25","date_gmt":"2024-05-25T08:13:25","guid":{"rendered":"https:\/\/wspomozycielka-lodz.pl\/?p=867"},"modified":"2024-05-25T10:13:27","modified_gmt":"2024-05-25T08:13:27","slug":"ogloszenia-parafialne-26-05-2024","status":"publish","type":"post","link":"https:\/\/wspomozycielka-lodz.pl\/?p=867","title":{"rendered":"OG\u0141OSZENIA PARAFIALNE (26.05.2024)"},"content":{"rendered":"\n<p>1. Nabo\u017ce\u0144stwa majowe do pi\u0105tku o godz. 17.30. Natomiast w sobot\u0119 rozpoczniemy nabo\u017ce\u0144stwa czerwcowe ku czci Naj\u015bwi\u0119tszego Serca Pana Jezusa o godz. 17.30.<\/p>\n\n\n\n<p>2. W poniedzia\u0142ek na Mszy \u015bw. o godz. 19.00 m\u0142odzie\u017c z parafii i szk\u00f3\u0142 salezja\u0144skich przyjmie sakrament bierzmowania.<\/p>\n\n\n\n<p>3. We wtorek po Mszy wieczornej spotkanie biblijne.<\/p>\n\n\n\n<p>4. W czwartek obchodzi\u0107 b\u0119dziemy uroczysto\u015b\u0107 Naj\u015bwi\u0119tszego Cia\u0142a i Krwi Chrystusa. Przypominamy, \u017ce w tym dniu mamy obowi\u0105zek uczestnictwa w Mszy \u015bw. Po Mszy o godz. 10.00 procesja ulicami parafii do czterech o\u0142tarzy. W tym dniu nie b\u0119dzie Mszy o godz. 11.30. Nie b\u0119dzie r\u00f3wnie\u017c wieczornej adoracji.<\/p>\n\n\n\n<p>5. W sobot\u0119 po Mszy porannej nabo\u017ce\u0144stwo i wymiana tajemnic r\u00f3\u017ca\u0144cowych, a po Mszy wieczornej o godz. 19.00 r\u00f3\u017caniec prowadzony przez wsp\u00f3lnot\u0119 \u017bywego R\u00f3\u017ca\u0144ca.<\/p>\n\n\n\n<p>6. Zapraszamy dzi\u015b na Salezja\u0144ski Festyn Rodzinny po Mszy \u015bw. o godz. 11.30. <\/p>\n\n\n\n<p>7. Przed wej\u015bciem do ko\u015bcio\u0142a zbierane s\u0105 ofiary na kwiaty do o\u0142tarzy na Bo\u017ce Cia\u0142o. Dzi\u015b te\u017c mo\u017cna z\u0142o\u017cy\u0107 ofiar\u0119 na Radio Maryja.<\/p>\n","protected":false},"excerpt":{"rendered":"<p>1. Nabo\u017ce\u0144stwa majowe do pi\u0105tku o godz. 17.30. Natomiast w sobot\u0119 rozpoczniemy nabo\u017ce\u0144stwa czerwcowe ku czci Naj\u015bwi\u0119tszego Serca Pana Jezusa o godz. 17.30. 2. W poniedzia\u0142ek na Mszy \u015bw. o godz. 19.00 m\u0142odzie\u017c z parafii i szk\u00f3\u0142 salezja\u0144skich przyjmie sakrament bierzmowania. 3. We wtorek po Mszy wieczornej spotkanie biblijne. 4. [&hellip;]<\/p>\n","protected":false},"author":2,"featured_media":619,"comment_status":"open","ping_status":"open","sticky":false,"template":"","format":"standard","meta":{"footnotes":""},"categories":[2],"tags":[],"class_list":["post-867","post","type-post","status-publish","format-standard","has-post-thumbnail","hentry","category-aktualnosci"],"_links":{"self":[{"href":"https:\/\/wspomozycielka-lodz.pl\/index.php?rest_route=\/wp\/v2\/posts\/867","targetHints":{"allow":["GET"]}}],"collection":[{"href":"https:\/\/wspomozycielka-lodz.pl\/index.php?rest_route=\/wp\/v2\/posts"}],"about":[{"href":"https:\/\/wspomozycielka-lodz.pl\/index.php?rest_route=\/wp\/v2\/types\/post"}],"author":[{"embeddable":true,"href":"https:\/\/wspomozycielka-lodz.pl\/index.php?rest_route=\/wp\/v2\/users\/2"}],"replies":[{"embeddable":true,"href":"https:\/\/wspomozycielka-lodz.pl\/index.php?rest_route=%2Fwp%2Fv2%2Fcomments&post=867"}],"version-history":[{"count":1,"href":"https:\/\/wspomozycielka-lodz.pl\/index.php?rest_route=\/wp\/v2\/posts\/867\/revisions"}],"predecessor-version":[{"id":868,"href":"https:\/\/wspomozycielka-lodz.pl\/index.php?rest_route=\/wp\/v2\/posts\/867\/revisions\/868"}],"wp:featuredmedia":[{"embeddable":true,"href":"https:\/\/wspomozycielka-lodz.pl\/index.php?rest_route=\/wp\/v2\/media\/619"}],"wp:attachment":[{"href":"https:\/\/wspomozycielka-lodz.pl\/index.php?rest_route=%2Fwp%2Fv2%2Fmedia&parent=867"}],"wp:term":[{"taxonomy":"category","embeddable":true,"href":"https:\/\/wspomozycielka-lodz.pl\/index.php?rest_route=%2Fwp%2Fv2%2Fcategories&post=867"},{"taxonomy":"post_tag","embeddable":true,"href":"https:\/\/wspomozycielka-lodz.pl\/index.php?rest_route=%2Fwp%2Fv2%2Ftags&post=867"}],"curies":[{"name":"wp","href":"https:\/\/api.w.org\/{rel}","templated":true}]}}