{"id":865,"date":"2024-05-18T12:30:40","date_gmt":"2024-05-18T10:30:40","guid":{"rendered":"https:\/\/wspomozycielka-lodz.pl\/?p=865"},"modified":"2024-05-18T12:30:40","modified_gmt":"2024-05-18T10:30:40","slug":"ogloszenia-parafialne-19-05-2024","status":"publish","type":"post","link":"https:\/\/wspomozycielka-lodz.pl\/?p=865","title":{"rendered":"OG\u0141OSZENIA PARAFIALNE (19.05.2024)"},"content":{"rendered":"\n<p>1. Zach\u0119camy do uczestnictwa w nabo\u017ce\u0144stwach majowych: do czwartku o godz. 17.15, w pi\u0105tek o godz. 17.00 wraz z ho\u0142dem ku czci Maryi Wspomo\u017cycielki, a od soboty o godz. 17.30.<\/p>\n\n\n\n<p>2. We wtorek po Mszy wieczornej spotkanie biblijne.<\/p>\n\n\n\n<p>3. W \u015brod\u0119 zapraszamy obowi\u0105zkowo kandydat\u00f3w do bierzmowania na Msz\u0119 o godz. 18.00, w czasie kt\u00f3rej b\u0119dzie mo\u017cna przyst\u0105pi\u0107 do spowiedzi \u015bw., a po Mszy b\u0119dzie spotkanie przygotowuj\u0105ce bezpo\u015brednio do sakramentu.<\/p>\n\n\n\n<p>4. W czwartek po Mszy wieczornej adoracja Naj\u015bwi\u0119tszego Sakramentu.<\/p>\n\n\n\n<p>5. W pi\u0105tek prze\u017cywa\u0107 b\u0119dziemy uroczysto\u015b\u0107 odpustow\u0105 ku czci Matki Bo\u017cej Wspomo\u017cenia Wiernych. O godz. 17.00 ho\u0142d ku czci Maryi, a o godz. 18.00 uroczysta Eucharystia, kt\u00f3rej przewodniczy\u0107 b\u0119dzie ks. Arkadiusz Piotrowski &#8211; dyrektor wsp\u00f3lnoty salezja\u0144skiej i proboszcz parafii \u015bw. Teresy od Dzieci\u0105tka Jezus i \u015bw. Jana Bosko w \u0141odzi. Na t\u0119 Msz\u0119 \u015bw. zapraszamy tak\u017ce dzieci z naszej parafii i szko\u0142y salezja\u0144skiej, kt\u00f3re obchodz\u0105 rocznic\u0119 pierwszej Komunii \u015bw. Z racji uroczysto\u015bci w naszej parafii nie obowi\u0105zuje w tym dniu wstrzemi\u0119\u017aliwo\u015b\u0107 od pokarm\u00f3w mi\u0119snych.<\/p>\n\n\n\n<p>6. W przysz\u0142\u0105 niedziel\u0119 na Mszy \u015bw. o godz. 11.30 nasz m\u0142ody wsp\u00f3\u0142brat kl. Chrispin z\u0142o\u017cy \u015bluby zakonne, ponawiaj\u0105c swoj\u0105 profesj\u0119 na kolejne lata. Natomiast po tej Mszy zapraszamy na Salezja\u0144ski Festyn Rodzinny. <\/p>\n\n\n\n<p>7. Przed wej\u015bciem do ko\u015bcio\u0142a zbierane s\u0105 ofiary na kwiaty do o\u0142tarzy na Bo\u017ce Cia\u0142o.<\/p>\n","protected":false},"excerpt":{"rendered":"<p>1. Zach\u0119camy do uczestnictwa w nabo\u017ce\u0144stwach majowych: do czwartku o godz. 17.15, w pi\u0105tek o godz. 17.00 wraz z ho\u0142dem ku czci Maryi Wspomo\u017cycielki, a od soboty o godz. 17.30. 2. We wtorek po Mszy wieczornej spotkanie biblijne. 3. W \u015brod\u0119 zapraszamy obowi\u0105zkowo kandydat\u00f3w do bierzmowania na Msz\u0119 o godz. [&hellip;]<\/p>\n","protected":false},"author":2,"featured_media":619,"comment_status":"open","ping_status":"open","sticky":false,"template":"","format":"standard","meta":{"footnotes":""},"categories":[2],"tags":[],"class_list":["post-865","post","type-post","status-publish","format-standard","has-post-thumbnail","hentry","category-aktualnosci"],"_links":{"self":[{"href":"https:\/\/wspomozycielka-lodz.pl\/index.php?rest_route=\/wp\/v2\/posts\/865","targetHints":{"allow":["GET"]}}],"collection":[{"href":"https:\/\/wspomozycielka-lodz.pl\/index.php?rest_route=\/wp\/v2\/posts"}],"about":[{"href":"https:\/\/wspomozycielka-lodz.pl\/index.php?rest_route=\/wp\/v2\/types\/post"}],"author":[{"embeddable":true,"href":"https:\/\/wspomozycielka-lodz.pl\/index.php?rest_route=\/wp\/v2\/users\/2"}],"replies":[{"embeddable":true,"href":"https:\/\/wspomozycielka-lodz.pl\/index.php?rest_route=%2Fwp%2Fv2%2Fcomments&post=865"}],"version-history":[{"count":1,"href":"https:\/\/wspomozycielka-lodz.pl\/index.php?rest_route=\/wp\/v2\/posts\/865\/revisions"}],"predecessor-version":[{"id":866,"href":"https:\/\/wspomozycielka-lodz.pl\/index.php?rest_route=\/wp\/v2\/posts\/865\/revisions\/866"}],"wp:featuredmedia":[{"embeddable":true,"href":"https:\/\/wspomozycielka-lodz.pl\/index.php?rest_route=\/wp\/v2\/media\/619"}],"wp:attachment":[{"href":"https:\/\/wspomozycielka-lodz.pl\/index.php?rest_route=%2Fwp%2Fv2%2Fmedia&parent=865"}],"wp:term":[{"taxonomy":"category","embeddable":true,"href":"https:\/\/wspomozycielka-lodz.pl\/index.php?rest_route=%2Fwp%2Fv2%2Fcategories&post=865"},{"taxonomy":"post_tag","embeddable":true,"href":"https:\/\/wspomozycielka-lodz.pl\/index.php?rest_route=%2Fwp%2Fv2%2Ftags&post=865"}],"curies":[{"name":"wp","href":"https:\/\/api.w.org\/{rel}","templated":true}]}}