{"id":863,"date":"2024-05-11T22:28:54","date_gmt":"2024-05-11T20:28:54","guid":{"rendered":"https:\/\/wspomozycielka-lodz.pl\/?p=863"},"modified":"2024-05-11T22:28:55","modified_gmt":"2024-05-11T20:28:55","slug":"ogloszenia-parafialne-12-05-2024","status":"publish","type":"post","link":"https:\/\/wspomozycielka-lodz.pl\/?p=863","title":{"rendered":"OG\u0141OSZENIA PARAFIALNE (12.05.2024)"},"content":{"rendered":"\n<p>1. Zach\u0119camy do uczestnictwa w nabo\u017ce\u0144stwach majowych: do wtorku o godz. 17.30, natomiast od \u015brody wraz z rozpocz\u0119ciem nowenny do Maryi Wspomo\u017cycielki o 17.15.<\/p>\n\n\n\n<p>2. We wtorek na Mszy wieczornej b\u0119dziemy si\u0119 modli\u0107 w intencji ks. Macieja Drewniaka z okazji imienin. Po Mszy wieczornej spotkanie biblijne.<\/p>\n\n\n\n<p>3. W czwartek po Mszy wieczornej adoracja Naj\u015bwi\u0119tszego Sakramentu. <\/p>\n\n\n\n<p>4. W przysz\u0142\u0105 sobot\u0119 odb\u0119dzie si\u0119 pierwsza spowied\u017a \u015bwi\u0119ta dzieci przed pierwsz\u0105 Komuni\u0105 \u015aw. o godz. 10.00. Natomiast w przysz\u0142\u0105 niedziel\u0119 na Mszy o godz. 11.30 dzieci przyst\u0105pi\u0105 do pierwszej Komunii \u015awi\u0119tej. Bezpo\u015brednie pr\u00f3by przed t\u0105 uroczysto\u015bci\u0105 b\u0119d\u0105 w \u015brod\u0119 o 16.00 i w pi\u0105tek po Mszy wieczornej.<\/p>\n","protected":false},"excerpt":{"rendered":"<p>1. Zach\u0119camy do uczestnictwa w nabo\u017ce\u0144stwach majowych: do wtorku o godz. 17.30, natomiast od \u015brody wraz z rozpocz\u0119ciem nowenny do Maryi Wspomo\u017cycielki o 17.15. 2. We wtorek na Mszy wieczornej b\u0119dziemy si\u0119 modli\u0107 w intencji ks. Macieja Drewniaka z okazji imienin. Po Mszy wieczornej spotkanie biblijne. 3. W czwartek po [&hellip;]<\/p>\n","protected":false},"author":2,"featured_media":619,"comment_status":"open","ping_status":"open","sticky":false,"template":"","format":"standard","meta":{"footnotes":""},"categories":[2],"tags":[],"class_list":["post-863","post","type-post","status-publish","format-standard","has-post-thumbnail","hentry","category-aktualnosci"],"_links":{"self":[{"href":"https:\/\/wspomozycielka-lodz.pl\/index.php?rest_route=\/wp\/v2\/posts\/863","targetHints":{"allow":["GET"]}}],"collection":[{"href":"https:\/\/wspomozycielka-lodz.pl\/index.php?rest_route=\/wp\/v2\/posts"}],"about":[{"href":"https:\/\/wspomozycielka-lodz.pl\/index.php?rest_route=\/wp\/v2\/types\/post"}],"author":[{"embeddable":true,"href":"https:\/\/wspomozycielka-lodz.pl\/index.php?rest_route=\/wp\/v2\/users\/2"}],"replies":[{"embeddable":true,"href":"https:\/\/wspomozycielka-lodz.pl\/index.php?rest_route=%2Fwp%2Fv2%2Fcomments&post=863"}],"version-history":[{"count":1,"href":"https:\/\/wspomozycielka-lodz.pl\/index.php?rest_route=\/wp\/v2\/posts\/863\/revisions"}],"predecessor-version":[{"id":864,"href":"https:\/\/wspomozycielka-lodz.pl\/index.php?rest_route=\/wp\/v2\/posts\/863\/revisions\/864"}],"wp:featuredmedia":[{"embeddable":true,"href":"https:\/\/wspomozycielka-lodz.pl\/index.php?rest_route=\/wp\/v2\/media\/619"}],"wp:attachment":[{"href":"https:\/\/wspomozycielka-lodz.pl\/index.php?rest_route=%2Fwp%2Fv2%2Fmedia&parent=863"}],"wp:term":[{"taxonomy":"category","embeddable":true,"href":"https:\/\/wspomozycielka-lodz.pl\/index.php?rest_route=%2Fwp%2Fv2%2Fcategories&post=863"},{"taxonomy":"post_tag","embeddable":true,"href":"https:\/\/wspomozycielka-lodz.pl\/index.php?rest_route=%2Fwp%2Fv2%2Ftags&post=863"}],"curies":[{"name":"wp","href":"https:\/\/api.w.org\/{rel}","templated":true}]}}