{"id":861,"date":"2024-05-08T17:06:11","date_gmt":"2024-05-08T15:06:11","guid":{"rendered":"https:\/\/wspomozycielka-lodz.pl\/?p=861"},"modified":"2024-05-08T17:06:14","modified_gmt":"2024-05-08T15:06:14","slug":"ogloszenia-parafialne-5-05-2024","status":"publish","type":"post","link":"https:\/\/wspomozycielka-lodz.pl\/?p=861","title":{"rendered":"OG\u0141OSZENIA PARAFIALNE (5.05.2024)"},"content":{"rendered":"\n<p>1. Wczoraj w Czerwi\u0144sku nad Wis\u0142\u0105 kl. Piotr Karos z\u0142o\u017cy\u0142 zakonne \u015bluby wieczyste, wi\u0105\u017c\u0105c si\u0119 ju\u017c na sta\u0142e ze Zgromadzeniem Salezja\u0144skim. Niech nasza modlitwa dopomaga mu w wierno\u015bci z\u0142o\u017conym \u015blubom i dalszej drodze salezja\u0144skiej.<\/p>\n\n\n\n<p>2. Zach\u0119camy do uczestnictwa w nabo\u017ce\u0144stwach majowych o godz. 17.30.<\/p>\n\n\n\n<p>3. We wtorek na Mszy wieczornej b\u0119dziemy si\u0119 modli\u0107 za zmar\u0142ych polecanych w wypominkach. Po Mszy wieczornej spotkanie biblijne.<\/p>\n\n\n\n<p>4. W \u015brod\u0119 obchodzimy uroczysto\u015b\u0107 \u015bw. Stanis\u0142awa, patrona Polski. Po Mszy wieczornej spotkanie wsp\u00f3lnoty Wieczernika modlitwy za kap\u0142an\u00f3w.<\/p>\n\n\n\n<p>5. W czwartek po Mszy wieczornej adoracja Naj\u015bwi\u0119tszego Sakramentu.<\/p>\n\n\n\n<p>6. W pi\u0105tek po Mszy wieczornej spotkanie Stra\u017cy Honorowej NSPJ.<\/p>\n\n\n\n<p>7. W przysz\u0142\u0105 niedziel\u0119 spotkanie Salezjan\u00f3w Wsp\u00f3\u0142pracownik\u00f3w po Mszy o 11.30. <\/p>\n\n\n\n<p>8. Z naszej wsp\u00f3lnoty parafialnej do wieczno\u015bci odszed\u0142: Zbigniew J\u0119drzejczak, lat 73. <em>Wieczny odpoczynek racz mu da\u0107, Panie<\/em>&#8230;<\/p>\n","protected":false},"excerpt":{"rendered":"<p>1. Wczoraj w Czerwi\u0144sku nad Wis\u0142\u0105 kl. Piotr Karos z\u0142o\u017cy\u0142 zakonne \u015bluby wieczyste, wi\u0105\u017c\u0105c si\u0119 ju\u017c na sta\u0142e ze Zgromadzeniem Salezja\u0144skim. Niech nasza modlitwa dopomaga mu w wierno\u015bci z\u0142o\u017conym \u015blubom i dalszej drodze salezja\u0144skiej. 2. Zach\u0119camy do uczestnictwa w nabo\u017ce\u0144stwach majowych o godz. 17.30. 3. We wtorek na Mszy wieczornej [&hellip;]<\/p>\n","protected":false},"author":2,"featured_media":619,"comment_status":"open","ping_status":"open","sticky":false,"template":"","format":"standard","meta":{"footnotes":""},"categories":[2],"tags":[],"class_list":["post-861","post","type-post","status-publish","format-standard","has-post-thumbnail","hentry","category-aktualnosci"],"_links":{"self":[{"href":"https:\/\/wspomozycielka-lodz.pl\/index.php?rest_route=\/wp\/v2\/posts\/861","targetHints":{"allow":["GET"]}}],"collection":[{"href":"https:\/\/wspomozycielka-lodz.pl\/index.php?rest_route=\/wp\/v2\/posts"}],"about":[{"href":"https:\/\/wspomozycielka-lodz.pl\/index.php?rest_route=\/wp\/v2\/types\/post"}],"author":[{"embeddable":true,"href":"https:\/\/wspomozycielka-lodz.pl\/index.php?rest_route=\/wp\/v2\/users\/2"}],"replies":[{"embeddable":true,"href":"https:\/\/wspomozycielka-lodz.pl\/index.php?rest_route=%2Fwp%2Fv2%2Fcomments&post=861"}],"version-history":[{"count":1,"href":"https:\/\/wspomozycielka-lodz.pl\/index.php?rest_route=\/wp\/v2\/posts\/861\/revisions"}],"predecessor-version":[{"id":862,"href":"https:\/\/wspomozycielka-lodz.pl\/index.php?rest_route=\/wp\/v2\/posts\/861\/revisions\/862"}],"wp:featuredmedia":[{"embeddable":true,"href":"https:\/\/wspomozycielka-lodz.pl\/index.php?rest_route=\/wp\/v2\/media\/619"}],"wp:attachment":[{"href":"https:\/\/wspomozycielka-lodz.pl\/index.php?rest_route=%2Fwp%2Fv2%2Fmedia&parent=861"}],"wp:term":[{"taxonomy":"category","embeddable":true,"href":"https:\/\/wspomozycielka-lodz.pl\/index.php?rest_route=%2Fwp%2Fv2%2Fcategories&post=861"},{"taxonomy":"post_tag","embeddable":true,"href":"https:\/\/wspomozycielka-lodz.pl\/index.php?rest_route=%2Fwp%2Fv2%2Ftags&post=861"}],"curies":[{"name":"wp","href":"https:\/\/api.w.org\/{rel}","templated":true}]}}