{"id":859,"date":"2024-04-27T09:39:35","date_gmt":"2024-04-27T07:39:35","guid":{"rendered":"https:\/\/wspomozycielka-lodz.pl\/?p=859"},"modified":"2024-04-27T09:39:36","modified_gmt":"2024-04-27T07:39:36","slug":"ogloszenia-parafialne-28-04-2024","status":"publish","type":"post","link":"https:\/\/wspomozycielka-lodz.pl\/?p=859","title":{"rendered":"OG\u0141OSZENIA PARAFIALNE (28.04.2024)"},"content":{"rendered":"\n<p>1. We wtorek po Mszy wieczornej spotkanie biblijne.<\/p>\n\n\n\n<p>2. W \u015brod\u0119 rozpoczynamy nabo\u017ce\u0144stwa majowe o godz. 17.30.<\/p>\n\n\n\n<p>3. W czwartek na Mszy wieczornej b\u0119dziemy si\u0119 modli\u0107 za kap\u0142an\u00f3w i osoby konsekrowane pos\u0142uguj\u0105ce w naszej parafii i o nowe powo\u0142ania. Po Mszy wieczornej adoracja Naj\u015bwi\u0119tszego Sakramentu.<\/p>\n\n\n\n<p>4. W pi\u0105tek obchodzimy uroczysto\u015b\u0107 Naj\u015bwi\u0119tszej Maryi Panny Kr\u00f3lowej Polski. Msze \u015bwi\u0119te jak w niedziel\u0119. Ze wzgl\u0119du na uroczysto\u015b\u0107 w tym dniu nie obowi\u0105zuje wstrzemi\u0119\u017aliwo\u015b\u0107 od pokarm\u00f3w mi\u0119snych. Wyj\u0105tkowo w ten pierwszy pi\u0105tek nie b\u0119dzie adoracji od 15.00, a spotkanie Stra\u017cy Honorowej b\u0119dzie w przysz\u0142y pi\u0105tek.<\/p>\n\n\n\n<p>5. W sobot\u0119 po Mszy porannej nabo\u017ce\u0144stwo i wymiana tajemnic r\u00f3\u017ca\u0144cowych. Wyj\u0105tkowo nie b\u0119dzie ju\u017c r\u00f3\u017ca\u0144ca po Mszy wieczornej.<\/p>\n\n\n\n<p>6. Dzi\u015b mo\u017cna z\u0142o\u017cy\u0107 ofiar\u0119 na Radio Maryja. <\/p>\n\n\n\n<p>7. Z naszej wsp\u00f3lnoty parafialnej do wieczno\u015bci odszed\u0142: Arkadiusz Pyra, lat 54. <em>Wieczny odpoczynek racz mu da\u0107, Panie<\/em>&#8230;<\/p>\n","protected":false},"excerpt":{"rendered":"<p>1. We wtorek po Mszy wieczornej spotkanie biblijne. 2. W \u015brod\u0119 rozpoczynamy nabo\u017ce\u0144stwa majowe o godz. 17.30. 3. W czwartek na Mszy wieczornej b\u0119dziemy si\u0119 modli\u0107 za kap\u0142an\u00f3w i osoby konsekrowane pos\u0142uguj\u0105ce w naszej parafii i o nowe powo\u0142ania. Po Mszy wieczornej adoracja Naj\u015bwi\u0119tszego Sakramentu. 4. W pi\u0105tek obchodzimy uroczysto\u015b\u0107 [&hellip;]<\/p>\n","protected":false},"author":2,"featured_media":619,"comment_status":"open","ping_status":"open","sticky":false,"template":"","format":"standard","meta":{"footnotes":""},"categories":[2],"tags":[],"class_list":["post-859","post","type-post","status-publish","format-standard","has-post-thumbnail","hentry","category-aktualnosci"],"_links":{"self":[{"href":"https:\/\/wspomozycielka-lodz.pl\/index.php?rest_route=\/wp\/v2\/posts\/859","targetHints":{"allow":["GET"]}}],"collection":[{"href":"https:\/\/wspomozycielka-lodz.pl\/index.php?rest_route=\/wp\/v2\/posts"}],"about":[{"href":"https:\/\/wspomozycielka-lodz.pl\/index.php?rest_route=\/wp\/v2\/types\/post"}],"author":[{"embeddable":true,"href":"https:\/\/wspomozycielka-lodz.pl\/index.php?rest_route=\/wp\/v2\/users\/2"}],"replies":[{"embeddable":true,"href":"https:\/\/wspomozycielka-lodz.pl\/index.php?rest_route=%2Fwp%2Fv2%2Fcomments&post=859"}],"version-history":[{"count":1,"href":"https:\/\/wspomozycielka-lodz.pl\/index.php?rest_route=\/wp\/v2\/posts\/859\/revisions"}],"predecessor-version":[{"id":860,"href":"https:\/\/wspomozycielka-lodz.pl\/index.php?rest_route=\/wp\/v2\/posts\/859\/revisions\/860"}],"wp:featuredmedia":[{"embeddable":true,"href":"https:\/\/wspomozycielka-lodz.pl\/index.php?rest_route=\/wp\/v2\/media\/619"}],"wp:attachment":[{"href":"https:\/\/wspomozycielka-lodz.pl\/index.php?rest_route=%2Fwp%2Fv2%2Fmedia&parent=859"}],"wp:term":[{"taxonomy":"category","embeddable":true,"href":"https:\/\/wspomozycielka-lodz.pl\/index.php?rest_route=%2Fwp%2Fv2%2Fcategories&post=859"},{"taxonomy":"post_tag","embeddable":true,"href":"https:\/\/wspomozycielka-lodz.pl\/index.php?rest_route=%2Fwp%2Fv2%2Ftags&post=859"}],"curies":[{"name":"wp","href":"https:\/\/api.w.org\/{rel}","templated":true}]}}