{"id":857,"date":"2024-04-21T20:12:32","date_gmt":"2024-04-21T18:12:32","guid":{"rendered":"https:\/\/wspomozycielka-lodz.pl\/?p=857"},"modified":"2024-04-21T20:13:07","modified_gmt":"2024-04-21T18:13:07","slug":"ogloszenia-parafialne-21-04-2023","status":"publish","type":"post","link":"https:\/\/wspomozycielka-lodz.pl\/?p=857","title":{"rendered":"OG\u0141OSZENIA PARAFIALNE (21.04.2023)"},"content":{"rendered":"\n<p>1. Nowenna do Maryi Wspomo\u017cycielki do wtorku o 17.40.<\/p>\n\n\n\n<p>2. We wtorek jest uroczysto\u015b\u0107 \u015bw. Wojciecha, patrona Polski. Po Mszy wieczornej spotkanie biblijne.<\/p>\n\n\n\n<p>3. W \u015brod\u0119 ho\u0142d ku czci Maryi Wspomo\u017cycielki o godz. 17.00.<\/p>\n\n\n\n<p>4. W czwartek po Mszy wieczornej adoracja Naj\u015bwi\u0119tszego Sakramentu. <\/p>\n\n\n\n<p>5. W przysz\u0142\u0105 niedziel\u0119 o godz. 11.30 b\u0119dzie Msza \u015bw. i spotkanie dla dzieci przygotowuj\u0105cych si\u0119 do pierwszej Komunii \u015awi\u0119tej i ich rodzic\u00f3w.<\/p>\n","protected":false},"excerpt":{"rendered":"<p>1. Nowenna do Maryi Wspomo\u017cycielki do wtorku o 17.40. 2. We wtorek jest uroczysto\u015b\u0107 \u015bw. Wojciecha, patrona Polski. Po Mszy wieczornej spotkanie biblijne. 3. W \u015brod\u0119 ho\u0142d ku czci Maryi Wspomo\u017cycielki o godz. 17.00. 4. W czwartek po Mszy wieczornej adoracja Naj\u015bwi\u0119tszego Sakramentu. 5. W przysz\u0142\u0105 niedziel\u0119 o godz. 11.30 [&hellip;]<\/p>\n","protected":false},"author":2,"featured_media":619,"comment_status":"open","ping_status":"open","sticky":false,"template":"","format":"standard","meta":{"footnotes":""},"categories":[2],"tags":[],"class_list":["post-857","post","type-post","status-publish","format-standard","has-post-thumbnail","hentry","category-aktualnosci"],"_links":{"self":[{"href":"https:\/\/wspomozycielka-lodz.pl\/index.php?rest_route=\/wp\/v2\/posts\/857","targetHints":{"allow":["GET"]}}],"collection":[{"href":"https:\/\/wspomozycielka-lodz.pl\/index.php?rest_route=\/wp\/v2\/posts"}],"about":[{"href":"https:\/\/wspomozycielka-lodz.pl\/index.php?rest_route=\/wp\/v2\/types\/post"}],"author":[{"embeddable":true,"href":"https:\/\/wspomozycielka-lodz.pl\/index.php?rest_route=\/wp\/v2\/users\/2"}],"replies":[{"embeddable":true,"href":"https:\/\/wspomozycielka-lodz.pl\/index.php?rest_route=%2Fwp%2Fv2%2Fcomments&post=857"}],"version-history":[{"count":1,"href":"https:\/\/wspomozycielka-lodz.pl\/index.php?rest_route=\/wp\/v2\/posts\/857\/revisions"}],"predecessor-version":[{"id":858,"href":"https:\/\/wspomozycielka-lodz.pl\/index.php?rest_route=\/wp\/v2\/posts\/857\/revisions\/858"}],"wp:featuredmedia":[{"embeddable":true,"href":"https:\/\/wspomozycielka-lodz.pl\/index.php?rest_route=\/wp\/v2\/media\/619"}],"wp:attachment":[{"href":"https:\/\/wspomozycielka-lodz.pl\/index.php?rest_route=%2Fwp%2Fv2%2Fmedia&parent=857"}],"wp:term":[{"taxonomy":"category","embeddable":true,"href":"https:\/\/wspomozycielka-lodz.pl\/index.php?rest_route=%2Fwp%2Fv2%2Fcategories&post=857"},{"taxonomy":"post_tag","embeddable":true,"href":"https:\/\/wspomozycielka-lodz.pl\/index.php?rest_route=%2Fwp%2Fv2%2Ftags&post=857"}],"curies":[{"name":"wp","href":"https:\/\/api.w.org\/{rel}","templated":true}]}}