{"id":854,"date":"2024-04-13T10:32:29","date_gmt":"2024-04-13T08:32:29","guid":{"rendered":"https:\/\/wspomozycielka-lodz.pl\/?p=854"},"modified":"2024-04-14T20:08:28","modified_gmt":"2024-04-14T18:08:28","slug":"ogloszenia-parafialne-14-04-2024","status":"publish","type":"post","link":"https:\/\/wspomozycielka-lodz.pl\/?p=854","title":{"rendered":"OG\u0141OSZENIA PARAFIALNE (14.04.2024)"},"content":{"rendered":"\n<p>1. W poniedzia\u0142ek rozpoczynamy nowenn\u0119 do Maryi Wspomo\u017cycielki o 17.40.<\/p>\n\n\n\n<p>2. W czwartek po Mszy wieczornej adoracja Naj\u015bwi\u0119tszego Sakramentu.<\/p>\n\n\n\n<p>3. W przysz\u0142\u0105 niedziel\u0119 zapraszamy kandydat\u00f3w do bierzmowania ze szk\u00f3\u0142 \u015brednich na Msz\u0119 o godz. 11.30 i spotkanie po niej. <\/p>\n\n\n\n<p>4. Z naszej wsp\u00f3lnoty parafialnej do wieczno\u015bci odeszli: Ludwik Jakubowski, lat 71; Irena Petrusiewicz, lat 61. <em>Wieczny odpoczynek racz im da\u0107, Panie<\/em>&#8230;<\/p>\n","protected":false},"excerpt":{"rendered":"<p>1. W poniedzia\u0142ek rozpoczynamy nowenn\u0119 do Maryi Wspomo\u017cycielki o 17.40. 2. W czwartek po Mszy wieczornej adoracja Naj\u015bwi\u0119tszego Sakramentu. 3. W przysz\u0142\u0105 niedziel\u0119 zapraszamy kandydat\u00f3w do bierzmowania ze szk\u00f3\u0142 \u015brednich na Msz\u0119 o godz. 11.30 i spotkanie po niej. 4. Z naszej wsp\u00f3lnoty parafialnej do wieczno\u015bci odeszli: Ludwik Jakubowski, lat [&hellip;]<\/p>\n","protected":false},"author":2,"featured_media":619,"comment_status":"open","ping_status":"open","sticky":false,"template":"","format":"standard","meta":{"footnotes":""},"categories":[2],"tags":[],"class_list":["post-854","post","type-post","status-publish","format-standard","has-post-thumbnail","hentry","category-aktualnosci"],"_links":{"self":[{"href":"https:\/\/wspomozycielka-lodz.pl\/index.php?rest_route=\/wp\/v2\/posts\/854","targetHints":{"allow":["GET"]}}],"collection":[{"href":"https:\/\/wspomozycielka-lodz.pl\/index.php?rest_route=\/wp\/v2\/posts"}],"about":[{"href":"https:\/\/wspomozycielka-lodz.pl\/index.php?rest_route=\/wp\/v2\/types\/post"}],"author":[{"embeddable":true,"href":"https:\/\/wspomozycielka-lodz.pl\/index.php?rest_route=\/wp\/v2\/users\/2"}],"replies":[{"embeddable":true,"href":"https:\/\/wspomozycielka-lodz.pl\/index.php?rest_route=%2Fwp%2Fv2%2Fcomments&post=854"}],"version-history":[{"count":2,"href":"https:\/\/wspomozycielka-lodz.pl\/index.php?rest_route=\/wp\/v2\/posts\/854\/revisions"}],"predecessor-version":[{"id":856,"href":"https:\/\/wspomozycielka-lodz.pl\/index.php?rest_route=\/wp\/v2\/posts\/854\/revisions\/856"}],"wp:featuredmedia":[{"embeddable":true,"href":"https:\/\/wspomozycielka-lodz.pl\/index.php?rest_route=\/wp\/v2\/media\/619"}],"wp:attachment":[{"href":"https:\/\/wspomozycielka-lodz.pl\/index.php?rest_route=%2Fwp%2Fv2%2Fmedia&parent=854"}],"wp:term":[{"taxonomy":"category","embeddable":true,"href":"https:\/\/wspomozycielka-lodz.pl\/index.php?rest_route=%2Fwp%2Fv2%2Fcategories&post=854"},{"taxonomy":"post_tag","embeddable":true,"href":"https:\/\/wspomozycielka-lodz.pl\/index.php?rest_route=%2Fwp%2Fv2%2Ftags&post=854"}],"curies":[{"name":"wp","href":"https:\/\/api.w.org\/{rel}","templated":true}]}}