{"id":850,"date":"2024-03-31T16:37:51","date_gmt":"2024-03-31T14:37:51","guid":{"rendered":"https:\/\/wspomozycielka-lodz.pl\/?p=850"},"modified":"2024-03-31T16:37:52","modified_gmt":"2024-03-31T14:37:52","slug":"ogloszenia-parafialne-31-03-2024","status":"publish","type":"post","link":"https:\/\/wspomozycielka-lodz.pl\/?p=850","title":{"rendered":"OG\u0141OSZENIA PARAFIALNE (31.03.2024)"},"content":{"rendered":"\n<p>1. Wszystkim Parafianom, Sympatykom i Go\u015bciom sk\u0142adamy serdeczne \u017cyczenia radosnych \u015awi\u0105t Wielkanocnych, aby zwyci\u0119stwo Chrystusa zmartwychwsta\u0142ego znalaz\u0142o wyraz w naszym chrze\u015bcija\u0144skim \u017cyciu!<\/p>\n\n\n\n<p>2. Jutro drugi dzie\u0144 \u015bwi\u0105t wielkanocnych. Msze \u015bwi\u0119te jak w niedziel\u0119. Przez ca\u0142y tydzie\u0144 trwa\u0107 b\u0119dziemy w oktawie Wielkanocy. Z tej racji w najbli\u017cszy pi\u0105tek nie obowi\u0105zuje wstrzemi\u0119\u017aliwo\u015b\u0107 od pokarm\u00f3w mi\u0119snych.<\/p>\n\n\n\n<p>3. Trwamy te\u017c w nowennie do Bo\u017cego Mi\u0142osierdzia o 17.45.<\/p>\n\n\n\n<p>4. We wtorek po Mszy wieczornej spotkanie biblijne.<\/p>\n\n\n\n<p>5. W \u015brod\u0119 na Mszy wieczornej b\u0119dziemy si\u0119 modli\u0107 w intencji Dobrodziej\u00f3w naszej parafii i dzie\u0142a salezja\u0144skiego oraz w intencji Ojczyzny.<\/p>\n\n\n\n<p>6. W czwartek na Mszy wieczornej b\u0119dziemy si\u0119 modli\u0107 za kap\u0142an\u00f3w i osoby konsekrowane pos\u0142uguj\u0105ce w naszej parafii i o nowe powo\u0142ania. Po Mszy wieczornej adoracja Naj\u015bwi\u0119tszego Sakramentu.<\/p>\n\n\n\n<p>7. W pi\u0105tek od godz. 15.00 Godzina Mi\u0142osierdzia i adoracja Naj\u015bwi\u0119tszego Sakramentu. Po Mszy wieczornej spotkanie wsp\u00f3lnoty Stra\u017cy Honorowej NSPJ.<\/p>\n\n\n\n<p>8. W sobot\u0119 po Mszy porannej nabo\u017ce\u0144stwo i wymiana tajemnic r\u00f3\u017ca\u0144cowych, a po Mszy wieczornej o godz. 19.00 r\u00f3\u017caniec prowadzony przez wsp\u00f3lnot\u0119 \u017bywego R\u00f3\u017ca\u0144ca.<\/p>\n\n\n\n<p>9. Nast\u0119pna niedziela jest \u015bwi\u0119tem Mi\u0142osierdzia Bo\u017cego. Na godz. 15.00 zapraszamy na nabo\u017ce\u0144stwo ku czci Bo\u017cego Mi\u0142osierdzia.<\/p>\n\n\n\n<p>10. Serdecznie dzi\u0119kuj\u0119 wszystkim uczestnicz\u0105cym we wsp\u00f3lnym prze\u017cywaniu \u015awi\u0119tego Triduum Paschalnego w naszej \u015bwi\u0105tyni, a zw\u0142aszcza tym, kt\u00f3rzy zaanga\u017cowali si\u0119 na r\u00f3\u017cnych p\u0142aszczyznach. Dzi\u0119kuj\u0119 moim wsp\u00f3\u0142braciom, salezjanom, za ich obecno\u015b\u0107, za pos\u0142ug\u0119 celebracji liturgii i nabo\u017ce\u0144stw, a tak\u017ce pos\u0142ug\u0119 w sakramencie pokuty i pojednania. Ks. Jackowi i ks. Dariuszowi dzi\u0119kuj\u0119 za przygotowanie z m\u0142odzie\u017c\u0105 Misterium M\u0119ki Pa\u0144skiej. Ks. Piotrowi dzi\u0119kuj\u0119 za przygotowanie s\u0142u\u017cby liturgicznej. Pani Ewie Pakulskiej, pani Zofii B\u0142awat i moim wsp\u00f3\u0142braciom dzi\u0119kuj\u0119 za przygotowanie ciemnicy i Grobu Pa\u0144skiego. Dzi\u0119kuj\u0119 ca\u0142ej s\u0142u\u017cbie liturgicznej. Dzi\u0119kuj\u0119 panu organi\u015bcie Rados\u0142awowi i scholii m\u0142odzie\u017cowej za \u015bpiewy podczas Triduum. Dzi\u0119kuj\u0119 panu Mateuszowi Piechocie za zadbanie o sprawy techniczne. Dzi\u0119kuj\u0119 panu ko\u015bcielnemu Aleksandrowi. Dzi\u0119kuj\u0119 Salezjanom Wsp\u00f3\u0142pracownikom za zaanga\u017cowanie. Dzi\u0119kuj\u0119 Stra\u017cy Honorowej Serca Jezusa za czuwanie przy Panu Jezusie. Dzi\u0119kuj\u0119 wszystkim zaanga\u017cowanym w procesj\u0119 rezurekcyjn\u0105. Dzi\u0119kuj\u0119 wszystkim sprz\u0105taj\u0105cym ko\u015bci\u00f3\u0142. Niech Zmartwychwsta\u0142y wynagradza swoimi \u0142askami ka\u017cde dobro.<\/p>\n\n\n\n<p>11. Serdecznie dzi\u0119kuj\u0119 za ofiary sk\u0142adane na kwiaty. Dzi\u0119kuj\u0119 za ofiary sk\u0142adane w ramach ja\u0142mu\u017cny wielkopostnej dzieciom z Salezja\u0144skiej Szko\u0142y Podstawowej. <\/p>\n\n\n\n<p>12. Z naszej wsp\u00f3lnoty parafialnej do wieczno\u015bci odszed\u0142: Krzysztof Kroh, lat 41. <em>Wieczny odpoczynek racz mu da\u0107, Panie<\/em>&#8230;<\/p>\n","protected":false},"excerpt":{"rendered":"<p>1. Wszystkim Parafianom, Sympatykom i Go\u015bciom sk\u0142adamy serdeczne \u017cyczenia radosnych \u015awi\u0105t Wielkanocnych, aby zwyci\u0119stwo Chrystusa zmartwychwsta\u0142ego znalaz\u0142o wyraz w naszym chrze\u015bcija\u0144skim \u017cyciu! 2. Jutro drugi dzie\u0144 \u015bwi\u0105t wielkanocnych. Msze \u015bwi\u0119te jak w niedziel\u0119. Przez ca\u0142y tydzie\u0144 trwa\u0107 b\u0119dziemy w oktawie Wielkanocy. Z tej racji w najbli\u017cszy pi\u0105tek nie obowi\u0105zuje wstrzemi\u0119\u017aliwo\u015b\u0107 [&hellip;]<\/p>\n","protected":false},"author":2,"featured_media":619,"comment_status":"open","ping_status":"open","sticky":false,"template":"","format":"standard","meta":{"footnotes":""},"categories":[2],"tags":[],"class_list":["post-850","post","type-post","status-publish","format-standard","has-post-thumbnail","hentry","category-aktualnosci"],"_links":{"self":[{"href":"https:\/\/wspomozycielka-lodz.pl\/index.php?rest_route=\/wp\/v2\/posts\/850","targetHints":{"allow":["GET"]}}],"collection":[{"href":"https:\/\/wspomozycielka-lodz.pl\/index.php?rest_route=\/wp\/v2\/posts"}],"about":[{"href":"https:\/\/wspomozycielka-lodz.pl\/index.php?rest_route=\/wp\/v2\/types\/post"}],"author":[{"embeddable":true,"href":"https:\/\/wspomozycielka-lodz.pl\/index.php?rest_route=\/wp\/v2\/users\/2"}],"replies":[{"embeddable":true,"href":"https:\/\/wspomozycielka-lodz.pl\/index.php?rest_route=%2Fwp%2Fv2%2Fcomments&post=850"}],"version-history":[{"count":1,"href":"https:\/\/wspomozycielka-lodz.pl\/index.php?rest_route=\/wp\/v2\/posts\/850\/revisions"}],"predecessor-version":[{"id":851,"href":"https:\/\/wspomozycielka-lodz.pl\/index.php?rest_route=\/wp\/v2\/posts\/850\/revisions\/851"}],"wp:featuredmedia":[{"embeddable":true,"href":"https:\/\/wspomozycielka-lodz.pl\/index.php?rest_route=\/wp\/v2\/media\/619"}],"wp:attachment":[{"href":"https:\/\/wspomozycielka-lodz.pl\/index.php?rest_route=%2Fwp%2Fv2%2Fmedia&parent=850"}],"wp:term":[{"taxonomy":"category","embeddable":true,"href":"https:\/\/wspomozycielka-lodz.pl\/index.php?rest_route=%2Fwp%2Fv2%2Fcategories&post=850"},{"taxonomy":"post_tag","embeddable":true,"href":"https:\/\/wspomozycielka-lodz.pl\/index.php?rest_route=%2Fwp%2Fv2%2Ftags&post=850"}],"curies":[{"name":"wp","href":"https:\/\/api.w.org\/{rel}","templated":true}]}}