{"id":848,"date":"2024-03-23T15:24:27","date_gmt":"2024-03-23T14:24:27","guid":{"rendered":"https:\/\/wspomozycielka-lodz.pl\/?p=848"},"modified":"2024-03-23T15:24:28","modified_gmt":"2024-03-23T14:24:28","slug":"ogloszenia-parafialne-24-03-2024","status":"publish","type":"post","link":"https:\/\/wspomozycielka-lodz.pl\/?p=848","title":{"rendered":"OG\u0141OSZENIA PARAFIALNE (24.03.2024)"},"content":{"rendered":"\n<p>1. Rozpoczynamy Wielki Tydzie\u0144, kt\u00f3rego kulminacj\u0105 b\u0119d\u0105 liturgie Triduum Paschalnego, upami\u0119tniaj\u0105ce najwa\u017cniejsze tajemnice naszej wiary \u2013 m\u0119ki, \u015bmierci i zmartwychwstania Jezusa Chrystusa. Serdecznie zach\u0119camy do uczestnictwa w tych liturgiach, zostawienia innych spraw i g\u0142\u0119bokiego zjednoczenia z Bogiem podczas tych najpi\u0119kniejszych celebracji w ca\u0142ym roku.<\/p>\n\n\n\n<p>2. Ostatnie Gorzkie \u017bale z kazaniem pasyjnym wraz z ho\u0142dem ku czci Maryi Wspomo\u017cycielki dzi\u015b o 17.00.<\/p>\n\n\n\n<p>3. Przypominamy i zapraszamy na Misterium M\u0119ki Pa\u0144skiej dzisiaj o godz. 19.00.<\/p>\n\n\n\n<p>4. W Wielki Wtorek po Mszy wieczornej spotkanie biblijne.<\/p>\n\n\n\n<p>5. W Wielk\u0105 \u015arod\u0119 po Mszy wieczornej zapraszamy na koncert w wykonaniu Ch\u00f3ru \u017be\u0144skiego Eufeme, kt\u00f3ry ju\u017c wyst\u0119powa\u0142 w naszej parafii. Tym razem ch\u00f3r wykona tekst wielkopostnej sekwencji liturgicznej Stabat Mater Dolorosa w opracowaniu barokowego kompozytora Giovanniego Battisty Pergolesiego. Ch\u00f3r wyst\u0105pi pod dyrekcj\u0105 Micha\u0142a Jana Bara\u0144skiego, a przy akompaniamencie Marcina Wernera.<\/p>\n\n\n\n<p>6. W Wielki Czwartek nie b\u0119dzie Mszy porannej. O godz. 18.00 rozpoczniemy \u015awi\u0119te Triduum Paschalne Msz\u0105 Wieczerzy Pa\u0144skiej, zako\u0144czonej procesj\u0105 do miejsca przechowania Naj\u015bwi\u0119tszego Sakramentu (tzw. ciemnicy), gdzie trwa\u0107 b\u0119dzie adoracja do godz. 22.00.<\/p>\n\n\n\n<p>7. W Wielki Pi\u0105tek czuwanie modlitewne przy Naj\u015bwi\u0119tszym Sakramencie od godz. 7.00 do 18.00. Droga Krzy\u017cowa dla wszystkich o godz. 15.00 z rozpocz\u0119ciem nowenny do Bo\u017cego Mi\u0142osierdzia. Liturgia M\u0119ki Pa\u0144skiej rozpocznie si\u0119 o godz. 18.00. Ofiary zbierane w czasie adoracji Krzy\u017ca s\u0105 przeznaczone na potrzeby Ko\u015bcio\u0142a w Ziemi \u015awi\u0119tej. Po Liturgii procesja z Naj\u015bwi\u0119tszym Sakramentem do Grobu Pa\u0144skiego i adoracja do godz. 22.00. Przypominamy, \u017ce od momentu adoracji Krzy\u017ca w czasie pi\u0105tkowej Liturgii a\u017c do Wigilii Paschalnej przechodz\u0105c przed krzy\u017cem nale\u017cy przykl\u0119kn\u0105\u0107. W Wielki Pi\u0105tek obowi\u0105zuje nas wstrzemi\u0119\u017aliwo\u015b\u0107 od pokarm\u00f3w mi\u0119snych dla wszystkich powy\u017cej 14. roku \u017cycia oraz post \u015bcis\u0142y (ilo\u015bciowy) dla os\u00f3b od 18 do 60. roku \u017cycia.<\/p>\n\n\n\n<p>8. W Wielk\u0105 Sobot\u0119 adoracja Naj\u015bwi\u0119tszego Sakramentu przy Grobie Pa\u0144skim od godz. 7.00 do 16.00. Po\u015bwi\u0119cenie pokarm\u00f3w od 8.00 do 16.00. Ch\u0119tnych do pomocy w posprz\u0105taniu i przygotowaniu ko\u015bcio\u0142a na uroczysto\u015b\u0107 Zmartwychwstania zapraszamy o godz. 16.00. Uroczysta Wigilia Paschalna Zmartwychwstania Pa\u0144skiego rozpocznie si\u0119 o godz. 20.00. Przypominamy o zabraniu ze sob\u0105 \u015bwiec na Wigili\u0119 Paschaln\u0105, podczas kt\u00f3rej odnowimy przyrzeczenia chrzcielne.<\/p>\n\n\n\n<p>9. W Wielki Pi\u0105tek i Wielk\u0105 Sobot\u0119 o godz. 7.30 zapraszamy do wsp\u00f3lnej modlitwy Jutrzni i Godziny Czyta\u0144. W sobot\u0119 po tej modlitwie b\u0119dzie nowenna do Bo\u017cego Mi\u0142osierdzia.<\/p>\n\n\n\n<p>10. W Wielki Pi\u0105tek od 8.00 do 18.00 i w Wielk\u0105 Sobot\u0119 od 8.00 do 16.00 b\u0119dzie mo\u017cna skorzysta\u0107 z sakramentu pokuty i pojednania.<\/p>\n\n\n\n<p>11. Nast\u0119pna niedziela jest uroczysto\u015bci\u0105 Zmartwychwstania Pa\u0144skiego. Msza rezurekcyjna o godz. 6.00 z procesj\u0105 po ulicach naszej parafii. Kolejne Msze \u015bw. w uroczysto\u015b\u0107 Zmartwychwstania Pa\u0144skiego o godz. 10.00, 11.30 i 18.00. O godz. 17.45 nowenna do Bo\u017cego Mi\u0142osierdzia.<\/p>\n\n\n\n<p>12. Przypominamy, \u017ce za tydzie\u0144 jest zmiana czasu z soboty na niedziel\u0119.<\/p>\n\n\n\n<p>13. W sklepiku parafialnym i przy wej\u015bciu do ko\u015bcio\u0142a dost\u0119pne s\u0105 \u015bwiece wielkanocne.<\/p>\n\n\n\n<p>14. Nasze Oratorium zaprasza dzi\u015b na Kiermasz Wielkanocny. Ofiary zostan\u0105 przeznaczone na wsparcie dzia\u0142alno\u015bci formacyjno-religijnej Oratorium. <\/p>\n\n\n\n<p>15. Dzi\u015b mo\u017cna z\u0142o\u017cy\u0107 ofiar\u0119 do puszki na Radio Maryja.<\/p>\n","protected":false},"excerpt":{"rendered":"<p>1. Rozpoczynamy Wielki Tydzie\u0144, kt\u00f3rego kulminacj\u0105 b\u0119d\u0105 liturgie Triduum Paschalnego, upami\u0119tniaj\u0105ce najwa\u017cniejsze tajemnice naszej wiary \u2013 m\u0119ki, \u015bmierci i zmartwychwstania Jezusa Chrystusa. Serdecznie zach\u0119camy do uczestnictwa w tych liturgiach, zostawienia innych spraw i g\u0142\u0119bokiego zjednoczenia z Bogiem podczas tych najpi\u0119kniejszych celebracji w ca\u0142ym roku. 2. Ostatnie Gorzkie \u017bale z kazaniem [&hellip;]<\/p>\n","protected":false},"author":2,"featured_media":619,"comment_status":"open","ping_status":"open","sticky":false,"template":"","format":"standard","meta":{"footnotes":""},"categories":[2],"tags":[],"class_list":["post-848","post","type-post","status-publish","format-standard","has-post-thumbnail","hentry","category-aktualnosci"],"_links":{"self":[{"href":"https:\/\/wspomozycielka-lodz.pl\/index.php?rest_route=\/wp\/v2\/posts\/848","targetHints":{"allow":["GET"]}}],"collection":[{"href":"https:\/\/wspomozycielka-lodz.pl\/index.php?rest_route=\/wp\/v2\/posts"}],"about":[{"href":"https:\/\/wspomozycielka-lodz.pl\/index.php?rest_route=\/wp\/v2\/types\/post"}],"author":[{"embeddable":true,"href":"https:\/\/wspomozycielka-lodz.pl\/index.php?rest_route=\/wp\/v2\/users\/2"}],"replies":[{"embeddable":true,"href":"https:\/\/wspomozycielka-lodz.pl\/index.php?rest_route=%2Fwp%2Fv2%2Fcomments&post=848"}],"version-history":[{"count":1,"href":"https:\/\/wspomozycielka-lodz.pl\/index.php?rest_route=\/wp\/v2\/posts\/848\/revisions"}],"predecessor-version":[{"id":849,"href":"https:\/\/wspomozycielka-lodz.pl\/index.php?rest_route=\/wp\/v2\/posts\/848\/revisions\/849"}],"wp:featuredmedia":[{"embeddable":true,"href":"https:\/\/wspomozycielka-lodz.pl\/index.php?rest_route=\/wp\/v2\/media\/619"}],"wp:attachment":[{"href":"https:\/\/wspomozycielka-lodz.pl\/index.php?rest_route=%2Fwp%2Fv2%2Fmedia&parent=848"}],"wp:term":[{"taxonomy":"category","embeddable":true,"href":"https:\/\/wspomozycielka-lodz.pl\/index.php?rest_route=%2Fwp%2Fv2%2Fcategories&post=848"},{"taxonomy":"post_tag","embeddable":true,"href":"https:\/\/wspomozycielka-lodz.pl\/index.php?rest_route=%2Fwp%2Fv2%2Ftags&post=848"}],"curies":[{"name":"wp","href":"https:\/\/api.w.org\/{rel}","templated":true}]}}