{"id":846,"date":"2024-03-15T18:59:39","date_gmt":"2024-03-15T17:59:39","guid":{"rendered":"https:\/\/wspomozycielka-lodz.pl\/?p=846"},"modified":"2024-03-15T18:59:39","modified_gmt":"2024-03-15T17:59:39","slug":"ogloszenia-parafialne-17-03-2024","status":"publish","type":"post","link":"https:\/\/wspomozycielka-lodz.pl\/?p=846","title":{"rendered":"OG\u0141OSZENIA PARAFIALNE (17.03.2024)"},"content":{"rendered":"\n<p>1. W okresie Wielkiego Postu zach\u0119camy do udzia\u0142u w nabo\u017ce\u0144stwach:<\/p>\n\n\n\n<ul class=\"wp-block-list\">\n<li>Droga Krzy\u017cowa w pi\u0105tki: dla dzieci o 16.30; dla doros\u0142ych o 17.15. W najbli\u017cszy pi\u0105tek nie b\u0119dzie Drogi Krzy\u017cowej o 19.30, natomiast zapraszamy wszystkich na mi\u0119dzyparafialn\u0105 Drog\u0119 Krzy\u017cow\u0105 o godz. 19.00. Rozpoczynamy w naszym ko\u015bciele, a zako\u0144czymy w ko\u015bciele \u015bw. Piotra i Paw\u0142a.<\/li>\n\n\n\n<li>Gorzkie \u017bale z kazaniem pasyjnym o 17.15.<\/li>\n<\/ul>\n\n\n\n<p>2. We wtorek obchodzimy uroczysto\u015b\u0107 \u015bw. J\u00f3zefa, Oblubie\u0144ca NMP oraz patrona Ko\u015bcio\u0142a powszechnego, Rodziny Salezja\u0144skiej i Salezja\u0144skich Szk\u00f3\u0142 Rzemios\u0142. Na Mszy wieczornej b\u0119dziemy si\u0119 modli\u0107 w intencji ks. J\u00f3zefa Pietrusika w dniu jego imienin. Wyj\u0105tkowo nie b\u0119dzie w tym tygodniu spotkania biblijnego.<\/p>\n\n\n\n<p>3. W czwartek po Mszy wieczornej adoracja Naj\u015bwi\u0119tszego Sakramentu.<\/p>\n\n\n\n<p>4. Trwamy w nowennie do Maryi Wspomo\u017cycielki o 17.40. W przysz\u0142\u0105 niedziel\u0119 o godz. 17.00 ho\u0142d ku czci Maryi Wspomo\u017cycielki.<\/p>\n\n\n\n<p>5. Przysz\u0142a niedziela to Niedziela Palmowa. Na ka\u017cdej Mszy b\u0119dzie po\u015bwi\u0119cenie palm. Msz\u0119 \u015bw. o godz. 11.30 rozpoczniemy przed wej\u015bciem ko\u015bcio\u0142a.<\/p>\n\n\n\n<p>6. W przysz\u0142\u0105 niedziel\u0119 o godz. 11.30 b\u0119dzie Msza \u015bw. i spotkanie dla dzieci przygotowuj\u0105cych si\u0119 do pierwszej Komunii \u015awi\u0119tej i ich rodzic\u00f3w.<\/p>\n\n\n\n<p>7. W przysz\u0142\u0105 niedziel\u0119 zapraszamy na Misterium M\u0119ki Pa\u0144skiej, przygotowane przez uczni\u00f3w i pracownik\u00f3w Salezja\u0144skich Szk\u00f3\u0142 Rzemios\u0142, kt\u00f3re rozpocznie si\u0119 o godz. 19.00 w ko\u015bciele.<\/p>\n\n\n\n<p>8. W sklepiku parafialnym dost\u0119pne s\u0105 \u015bwiece wielkanocne, a przy wej\u015bciu do ko\u015bcio\u0142a przeprowadzana jest zbi\u00f3rka ofiar na kwiaty do Grobu Pa\u0144skiego.<\/p>\n\n\n\n<p>9. Dzi\u015b te\u017c zbierane s\u0105 ofiary na Fundusz Obrony \u017bycia.<\/p>\n\n\n\n<p>10. Nasze Oratorium zaprasza na Kiermasz Wielkanocny dzi\u015b i w nast\u0119pn\u0105 niedziel\u0119. Po Mszach \u015bw. mo\u017cna naby\u0107 kartki \u015bwi\u0105teczne, s\u0142odkie upominki i ozdoby wielkanocne. Ofiary zostan\u0105 przeznaczone na wsparcie dzia\u0142alno\u015bci formacyjno-religijnej Oratorium. Zach\u0119camy tak\u017ce do wspierania dzia\u0142alno\u015bci oratoryjnej przez przekazanie odpisu 1,5% z podatku dochodowego. Wystarczy w rocznej deklaracji rozliczeniowej do urz\u0119du skarbowego wpisa\u0107 numer KRS Fundacji Nauki i Wychowania, a w pozycji &#8222;Cel szczeg\u00f3\u0142owy&#8221; poda\u0107 &#8211; Oratorium \u015bw. D. Savio w \u0141odzi. Potrzebne dane znajdziemy w ulotkach przy kancelarii parafialnej i na stronie internetowej oratorium. Za t\u0119 pomoc serdecznie dzi\u0119kuje ks. Piotr &#8211; kierownik Oratorium. <\/p>\n\n\n\n<p>11. W minion\u0105 \u015brod\u0119 odszed\u0142 do wieczno\u015bci nasz wsp\u00f3\u0142brat, ks. Tadeusz Kujawa, kt\u00f3rzy prze\u017cy\u0142 91 lat, w tym 72 lata \u015blub\u00f3w zakonnych i 63 lata kap\u0142a\u0144stwa. <em>Wieczny odpoczynek racz mu da\u0107 Panie<\/em>\u2026<\/p>\n","protected":false},"excerpt":{"rendered":"<p>1. W okresie Wielkiego Postu zach\u0119camy do udzia\u0142u w nabo\u017ce\u0144stwach: 2. We wtorek obchodzimy uroczysto\u015b\u0107 \u015bw. J\u00f3zefa, Oblubie\u0144ca NMP oraz patrona Ko\u015bcio\u0142a powszechnego, Rodziny Salezja\u0144skiej i Salezja\u0144skich Szk\u00f3\u0142 Rzemios\u0142. Na Mszy wieczornej b\u0119dziemy si\u0119 modli\u0107 w intencji ks. J\u00f3zefa Pietrusika w dniu jego imienin. Wyj\u0105tkowo nie b\u0119dzie w tym tygodniu [&hellip;]<\/p>\n","protected":false},"author":2,"featured_media":619,"comment_status":"open","ping_status":"open","sticky":false,"template":"","format":"standard","meta":{"footnotes":""},"categories":[2],"tags":[],"class_list":["post-846","post","type-post","status-publish","format-standard","has-post-thumbnail","hentry","category-aktualnosci"],"_links":{"self":[{"href":"https:\/\/wspomozycielka-lodz.pl\/index.php?rest_route=\/wp\/v2\/posts\/846","targetHints":{"allow":["GET"]}}],"collection":[{"href":"https:\/\/wspomozycielka-lodz.pl\/index.php?rest_route=\/wp\/v2\/posts"}],"about":[{"href":"https:\/\/wspomozycielka-lodz.pl\/index.php?rest_route=\/wp\/v2\/types\/post"}],"author":[{"embeddable":true,"href":"https:\/\/wspomozycielka-lodz.pl\/index.php?rest_route=\/wp\/v2\/users\/2"}],"replies":[{"embeddable":true,"href":"https:\/\/wspomozycielka-lodz.pl\/index.php?rest_route=%2Fwp%2Fv2%2Fcomments&post=846"}],"version-history":[{"count":1,"href":"https:\/\/wspomozycielka-lodz.pl\/index.php?rest_route=\/wp\/v2\/posts\/846\/revisions"}],"predecessor-version":[{"id":847,"href":"https:\/\/wspomozycielka-lodz.pl\/index.php?rest_route=\/wp\/v2\/posts\/846\/revisions\/847"}],"wp:featuredmedia":[{"embeddable":true,"href":"https:\/\/wspomozycielka-lodz.pl\/index.php?rest_route=\/wp\/v2\/media\/619"}],"wp:attachment":[{"href":"https:\/\/wspomozycielka-lodz.pl\/index.php?rest_route=%2Fwp%2Fv2%2Fmedia&parent=846"}],"wp:term":[{"taxonomy":"category","embeddable":true,"href":"https:\/\/wspomozycielka-lodz.pl\/index.php?rest_route=%2Fwp%2Fv2%2Fcategories&post=846"},{"taxonomy":"post_tag","embeddable":true,"href":"https:\/\/wspomozycielka-lodz.pl\/index.php?rest_route=%2Fwp%2Fv2%2Ftags&post=846"}],"curies":[{"name":"wp","href":"https:\/\/api.w.org\/{rel}","templated":true}]}}