{"id":844,"date":"2024-03-12T11:33:07","date_gmt":"2024-03-12T10:33:07","guid":{"rendered":"https:\/\/wspomozycielka-lodz.pl\/?p=844"},"modified":"2024-03-12T11:33:13","modified_gmt":"2024-03-12T10:33:13","slug":"ogloszenia-parafialne-10-03-2024","status":"publish","type":"post","link":"https:\/\/wspomozycielka-lodz.pl\/?p=844","title":{"rendered":"OG\u0141OSZENIA PARAFIALNE (10.03.2024)"},"content":{"rendered":"\n<p>1. W okresie Wielkiego Postu zach\u0119camy do udzia\u0142u w nabo\u017ce\u0144stwach:<\/p>\n\n\n\n<ul class=\"wp-block-list\">\n<li>Droga Krzy\u017cowa w pi\u0105tki: dla dzieci o 16.30; dla doros\u0142ych o 17.15; dla m\u0142odzie\u017cy o 19.30.<\/li>\n\n\n\n<li>Gorzkie \u017bale z kazaniem pasyjnym w niedziele o 17.15.<\/li>\n<\/ul>\n\n\n\n<p>2. We wtorek na Mszy wieczornej b\u0119dziemy si\u0119 modli\u0107 w intencji brata Grzegorza Nowaka w dniu jego imienin. Po Mszy \u015bw. spotkanie biblijne.<\/p>\n\n\n\n<p>3. W czwartek po Mszy wieczornej adoracja Naj\u015bwi\u0119tszego Sakramentu.<\/p>\n\n\n\n<p>4. W pi\u0105tek rozpoczynamy nowenn\u0119 do Maryi Wspomo\u017cycielki o 17.40.<\/p>\n\n\n\n<p>5. Zgodnie z apelem przewodnicz\u0105cego Konferencji Episkopatu Polski, abpa Stanis\u0142awa G\u0105deckiego, w sobot\u0119 rozpoczniemy modlitw\u0119 nowennow\u0105 w intencji Ojczyzny, zgody narodowej i poszanowania \u017cycia ludzkiego, za wstawiennictwem \u015bw. Andrzeja Boboli i b\u0142. ks. Jerzego Popie\u0142uszki. Modlitw\u0119 b\u0119dziemy odmawia\u0107 po ka\u017cdej Mszy \u015bw.<\/p>\n\n\n\n<p>6. W przysz\u0142\u0105 niedziel\u0119 dwoje kandydat\u00f3w do Stowarzyszenia Salezjan\u00f3w Wsp\u00f3\u0142pracownik\u00f3w z\u0142o\u017cy swoje przyrzeczenia na Mszy \u015bw. o godz. 10.00. W zwi\u0105zku z tym spotkanie salezjan\u00f3w wsp\u00f3\u0142pracownik\u00f3w b\u0119dzie za tydzie\u0144 po Mszy \u015bw. o godz. 10.00.<\/p>\n\n\n\n<p>7. W przysz\u0142\u0105 niedziel\u0119 na Mszy \u015bw. o godz. 11.30 b\u0119dziemy si\u0119 modli\u0107 w intencji ks. Zbigniewa Kuleszy w dniu jego imienin.<\/p>\n\n\n\n<p>8. W przysz\u0142\u0105 niedziel\u0119 zapraszamy kandydat\u00f3w do bierzmowania ze szk\u00f3\u0142 \u015brednich na Msz\u0119 o godz. 11.30 i spotkanie po niej.<\/p>\n\n\n\n<p>9. W sklepiku parafialnym dost\u0119pne s\u0105 \u015bwiece wielkanocne.<\/p>\n\n\n\n<p>10. Nasze Oratorium zaprasza na Kiermasz Wielkanocny, kt\u00f3ry odb\u0119dzie si\u0119 w niedziel\u0119 17 i 24 marca. Po Mszach \u015bw. b\u0119dzie mo\u017cna naby\u0107 kartki \u015bwi\u0105teczne, s\u0142odkie upominki i ozdoby wielkanocne. Ofiary zostan\u0105 przeznaczone na wsparcie dzia\u0142alno\u015bci formacyjno-religijnej Oratorium. Zach\u0119camy tak\u017ce do wspierania dzia\u0142alno\u015bci oratoryjnej przez przekazanie odpisu 1,5% z podatku dochodowego. Wystarczy w rocznej deklaracji rozliczeniowej do urz\u0119du skarbowego wpisa\u0107 numer KRS Fundacji Nauki i Wychowania, a w pozycji &#8222;Cel szczeg\u00f3\u0142owy&#8221; poda\u0107 &#8211; Oratorium \u015bw. D. Savio w \u0141odzi. Potrzebne dane znajdziemy w ulotkach przy kancelarii parafialnej i na stronie internetowej oratorium. Za t\u0119 pomoc serdecznie dzi\u0119kuje ks. Piotr &#8211; kierownik Oratorium. <\/p>\n\n\n\n<p>11. Z naszej wsp\u00f3lnoty parafialnej do wieczno\u015bci odesz\u0142a: Anna J\u0119drzejka, lat 70. <em>Wieczny odpoczynek racz jej da\u0107, Panie<\/em>&#8230;<\/p>\n","protected":false},"excerpt":{"rendered":"<p>1. W okresie Wielkiego Postu zach\u0119camy do udzia\u0142u w nabo\u017ce\u0144stwach: 2. We wtorek na Mszy wieczornej b\u0119dziemy si\u0119 modli\u0107 w intencji brata Grzegorza Nowaka w dniu jego imienin. Po Mszy \u015bw. spotkanie biblijne. 3. W czwartek po Mszy wieczornej adoracja Naj\u015bwi\u0119tszego Sakramentu. 4. W pi\u0105tek rozpoczynamy nowenn\u0119 do Maryi Wspomo\u017cycielki [&hellip;]<\/p>\n","protected":false},"author":2,"featured_media":619,"comment_status":"open","ping_status":"open","sticky":false,"template":"","format":"standard","meta":{"footnotes":""},"categories":[2],"tags":[],"class_list":["post-844","post","type-post","status-publish","format-standard","has-post-thumbnail","hentry","category-aktualnosci"],"_links":{"self":[{"href":"https:\/\/wspomozycielka-lodz.pl\/index.php?rest_route=\/wp\/v2\/posts\/844","targetHints":{"allow":["GET"]}}],"collection":[{"href":"https:\/\/wspomozycielka-lodz.pl\/index.php?rest_route=\/wp\/v2\/posts"}],"about":[{"href":"https:\/\/wspomozycielka-lodz.pl\/index.php?rest_route=\/wp\/v2\/types\/post"}],"author":[{"embeddable":true,"href":"https:\/\/wspomozycielka-lodz.pl\/index.php?rest_route=\/wp\/v2\/users\/2"}],"replies":[{"embeddable":true,"href":"https:\/\/wspomozycielka-lodz.pl\/index.php?rest_route=%2Fwp%2Fv2%2Fcomments&post=844"}],"version-history":[{"count":1,"href":"https:\/\/wspomozycielka-lodz.pl\/index.php?rest_route=\/wp\/v2\/posts\/844\/revisions"}],"predecessor-version":[{"id":845,"href":"https:\/\/wspomozycielka-lodz.pl\/index.php?rest_route=\/wp\/v2\/posts\/844\/revisions\/845"}],"wp:featuredmedia":[{"embeddable":true,"href":"https:\/\/wspomozycielka-lodz.pl\/index.php?rest_route=\/wp\/v2\/media\/619"}],"wp:attachment":[{"href":"https:\/\/wspomozycielka-lodz.pl\/index.php?rest_route=%2Fwp%2Fv2%2Fmedia&parent=844"}],"wp:term":[{"taxonomy":"category","embeddable":true,"href":"https:\/\/wspomozycielka-lodz.pl\/index.php?rest_route=%2Fwp%2Fv2%2Fcategories&post=844"},{"taxonomy":"post_tag","embeddable":true,"href":"https:\/\/wspomozycielka-lodz.pl\/index.php?rest_route=%2Fwp%2Fv2%2Ftags&post=844"}],"curies":[{"name":"wp","href":"https:\/\/api.w.org\/{rel}","templated":true}]}}