{"id":842,"date":"2024-03-02T11:21:27","date_gmt":"2024-03-02T10:21:27","guid":{"rendered":"https:\/\/wspomozycielka-lodz.pl\/?p=842"},"modified":"2024-03-02T11:21:27","modified_gmt":"2024-03-02T10:21:27","slug":"ogloszenia-parafialne-3-03-2024","status":"publish","type":"post","link":"https:\/\/wspomozycielka-lodz.pl\/?p=842","title":{"rendered":"OG\u0141OSZENIA PARAFIALNE (3.03.2024)"},"content":{"rendered":"\n<p>1. W okresie Wielkiego Postu zach\u0119camy do udzia\u0142u w nabo\u017ce\u0144stwach:<\/p>\n\n\n\n<ul class=\"wp-block-list\">\n<li>Droga Krzy\u017cowa w pi\u0105tki: dla dzieci o 16.30; dla doros\u0142ych o 17.15; dla m\u0142odzie\u017cy o 19.30.<\/li>\n\n\n\n<li>Gorzkie \u017bale z kazaniem pasyjnym w niedziele o 17.15.<\/li>\n<\/ul>\n\n\n\n<p>2. We wtorek na Mszy wieczornej b\u0119dziemy si\u0119 modli\u0107 za zmar\u0142ych polecanych w wypominkach. Po Mszy \u015bw. spotkanie biblijne.<\/p>\n\n\n\n<p>3. W \u015brod\u0119 na Mszy wieczornej b\u0119dziemy si\u0119 modli\u0107 w intencji Dobrodziej\u00f3w naszej parafii i dzie\u0142a salezja\u0144skiego oraz w intencji Ojczyzny. Po Mszy wieczornej spotkanie wsp\u00f3lnoty Wieczernika modlitwy za kap\u0142an\u00f3w.<\/p>\n\n\n\n<p>4. W czwartek na Mszy wieczornej b\u0119dziemy si\u0119 modli\u0107 za kap\u0142an\u00f3w i osoby konsekrowane pos\u0142uguj\u0105ce w naszej parafii i o nowe powo\u0142ania oraz w intencji zmar\u0142ych wsp\u00f3\u0142braci salezjan\u00f3w. Po Mszy wieczornej adoracja Naj\u015bwi\u0119tszego Sakramentu.<\/p>\n\n\n\n<p>5. W sobot\u0119 zapraszamy wszystkie grupy i wsp\u00f3lnoty parafialne na skupienie wielkopostne, kt\u00f3re rozpocznie si\u0119 Msz\u0105 \u015bw. o godz. 7.30, a po niej b\u0119dzie konferencja i adoracja.<\/p>\n\n\n\n<p>6. Dzi\u015b przeprowadzana jest zbi\u00f3rka do puszek na potrzeby polskich misjonarzy w Afryce. Natomiast w przysz\u0142\u0105 niedziel\u0119 odb\u0119dzie si\u0119 zbi\u00f3rka ofiar na pomoc ch\u0142opcu o imieniu Bruno choremu na dystrofi\u0119 mi\u0119\u015bniow\u0105 Duchenne\u2019a.<\/p>\n\n\n\n<p>7. W sklepiku parafialnym dost\u0119pne s\u0105 \u015bwiece i baranki wielkanocne. <\/p>\n\n\n\n<p>8. Z naszej wsp\u00f3lnoty parafialnej do wieczno\u015bci odesz\u0142a: Kazimiera Kami\u0144ska, lat 63. <em>Wieczny odpoczynek racz jej da\u0107, Panie<\/em>&#8230;<\/p>\n","protected":false},"excerpt":{"rendered":"<p>1. W okresie Wielkiego Postu zach\u0119camy do udzia\u0142u w nabo\u017ce\u0144stwach: 2. We wtorek na Mszy wieczornej b\u0119dziemy si\u0119 modli\u0107 za zmar\u0142ych polecanych w wypominkach. Po Mszy \u015bw. spotkanie biblijne. 3. W \u015brod\u0119 na Mszy wieczornej b\u0119dziemy si\u0119 modli\u0107 w intencji Dobrodziej\u00f3w naszej parafii i dzie\u0142a salezja\u0144skiego oraz w intencji Ojczyzny. [&hellip;]<\/p>\n","protected":false},"author":2,"featured_media":619,"comment_status":"open","ping_status":"open","sticky":false,"template":"","format":"standard","meta":{"footnotes":""},"categories":[2],"tags":[],"class_list":["post-842","post","type-post","status-publish","format-standard","has-post-thumbnail","hentry","category-aktualnosci"],"_links":{"self":[{"href":"https:\/\/wspomozycielka-lodz.pl\/index.php?rest_route=\/wp\/v2\/posts\/842","targetHints":{"allow":["GET"]}}],"collection":[{"href":"https:\/\/wspomozycielka-lodz.pl\/index.php?rest_route=\/wp\/v2\/posts"}],"about":[{"href":"https:\/\/wspomozycielka-lodz.pl\/index.php?rest_route=\/wp\/v2\/types\/post"}],"author":[{"embeddable":true,"href":"https:\/\/wspomozycielka-lodz.pl\/index.php?rest_route=\/wp\/v2\/users\/2"}],"replies":[{"embeddable":true,"href":"https:\/\/wspomozycielka-lodz.pl\/index.php?rest_route=%2Fwp%2Fv2%2Fcomments&post=842"}],"version-history":[{"count":1,"href":"https:\/\/wspomozycielka-lodz.pl\/index.php?rest_route=\/wp\/v2\/posts\/842\/revisions"}],"predecessor-version":[{"id":843,"href":"https:\/\/wspomozycielka-lodz.pl\/index.php?rest_route=\/wp\/v2\/posts\/842\/revisions\/843"}],"wp:featuredmedia":[{"embeddable":true,"href":"https:\/\/wspomozycielka-lodz.pl\/index.php?rest_route=\/wp\/v2\/media\/619"}],"wp:attachment":[{"href":"https:\/\/wspomozycielka-lodz.pl\/index.php?rest_route=%2Fwp%2Fv2%2Fmedia&parent=842"}],"wp:term":[{"taxonomy":"category","embeddable":true,"href":"https:\/\/wspomozycielka-lodz.pl\/index.php?rest_route=%2Fwp%2Fv2%2Fcategories&post=842"},{"taxonomy":"post_tag","embeddable":true,"href":"https:\/\/wspomozycielka-lodz.pl\/index.php?rest_route=%2Fwp%2Fv2%2Ftags&post=842"}],"curies":[{"name":"wp","href":"https:\/\/api.w.org\/{rel}","templated":true}]}}