{"id":840,"date":"2024-02-24T15:10:53","date_gmt":"2024-02-24T14:10:53","guid":{"rendered":"https:\/\/wspomozycielka-lodz.pl\/?p=840"},"modified":"2024-02-24T15:10:55","modified_gmt":"2024-02-24T14:10:55","slug":"ogloszenia-parafialne-25-02-2024","status":"publish","type":"post","link":"https:\/\/wspomozycielka-lodz.pl\/?p=840","title":{"rendered":"OG\u0141OSZENIA PARAFIALNE (25.02.2024)"},"content":{"rendered":"\n<p>1. Rozpoczynamy dzi\u015b parafialne rekolekcje wielkopostne, w kt\u00f3rych naszym przewodnikiem jest ks. Wojciech Ku\u0142ak, dyrektor Wydawnictwa Salezja\u0144skiego. Nauki rekolekcyjne potrwaj\u0105 do \u015brody. Ofiary sk\u0142adane podczas rekolekcji przeznaczone s\u0105 dla Ksi\u0119dza Rekolekcjonisty.<\/p>\n\n\n\n<p>2. W okresie Wielkiego Postu zach\u0119camy do udzia\u0142u w nabo\u017ce\u0144stwach:<\/p>\n\n\n\n<ul class=\"wp-block-list\">\n<li>Droga Krzy\u017cowa w pi\u0105tki: dla dzieci o 16.30; dla doros\u0142ych o 17.15; dla m\u0142odzie\u017cy o 19.30.<\/li>\n\n\n\n<li>Gorzkie \u017bale z kazaniem pasyjnym w niedziele o 17.15.<\/li>\n<\/ul>\n\n\n\n<p>3. We wtorek po Mszy wieczornej spotkanie biblijne.<\/p>\n\n\n\n<p>4. W czwartek po Mszy wieczornej adoracja Naj\u015bwi\u0119tszego Sakramentu.<\/p>\n\n\n\n<p>5. W pi\u0105tek od godz. 15.00 Godzina Mi\u0142osierdzia i adoracja Naj\u015bwi\u0119tszego Sakramentu. Po Mszy wieczornej spotkanie wsp\u00f3lnoty Stra\u017cy Honorowej NSPJ.<\/p>\n\n\n\n<p>6. W sobot\u0119 po Mszy porannej nabo\u017ce\u0144stwo i wymiana tajemnic r\u00f3\u017ca\u0144cowych, a po Mszy wieczornej o godz. 19.00 r\u00f3\u017caniec prowadzony przez wsp\u00f3lnot\u0119 \u017bywego R\u00f3\u017ca\u0144ca.<\/p>\n\n\n\n<p>7. Przypominamy o zaproszeniu na spotkanie ze S\u0142owem Bo\u017cym, w kluczu lectio divina, kt\u00f3re odb\u0119dzie si\u0119 w sobot\u0119, 23 marca, w godz. 9.00-17.00 w naszej parafii. Wprowadzenie do modlitwy S\u0142owem poprowadzi ks. Marcin Pietrzyk, a Eucharystii przewodniczy\u0142 b\u0119dzie kard. Grzegorz Ry\u015b. Zg\u0142oszenie uczestnictwa nale\u017cy kierowa\u0107 do Agnieszki i dn. Sebastiana Pi\u0105tkowskich \u2013 668 276 517 lub pustyniadlalodzi@gmail.com.<\/p>\n\n\n\n<p>8. Dzi\u015b mo\u017cna z\u0142o\u017cy\u0107 ofiar\u0119 do puszki na Radio Maryja. <\/p>\n\n\n\n<p>9. Z naszej wsp\u00f3lnoty parafialnej do wieczno\u015bci odesz\u0142a: Izabela Mi\u015bkiewicz, lat 39. <em>Wieczny odpoczynek racz jej da\u0107, Panie<\/em>&#8230;<\/p>\n","protected":false},"excerpt":{"rendered":"<p>1. Rozpoczynamy dzi\u015b parafialne rekolekcje wielkopostne, w kt\u00f3rych naszym przewodnikiem jest ks. Wojciech Ku\u0142ak, dyrektor Wydawnictwa Salezja\u0144skiego. Nauki rekolekcyjne potrwaj\u0105 do \u015brody. Ofiary sk\u0142adane podczas rekolekcji przeznaczone s\u0105 dla Ksi\u0119dza Rekolekcjonisty. 2. W okresie Wielkiego Postu zach\u0119camy do udzia\u0142u w nabo\u017ce\u0144stwach: 3. We wtorek po Mszy wieczornej spotkanie biblijne. 4. [&hellip;]<\/p>\n","protected":false},"author":2,"featured_media":619,"comment_status":"open","ping_status":"open","sticky":false,"template":"","format":"standard","meta":{"footnotes":""},"categories":[2],"tags":[],"class_list":["post-840","post","type-post","status-publish","format-standard","has-post-thumbnail","hentry","category-aktualnosci"],"_links":{"self":[{"href":"https:\/\/wspomozycielka-lodz.pl\/index.php?rest_route=\/wp\/v2\/posts\/840","targetHints":{"allow":["GET"]}}],"collection":[{"href":"https:\/\/wspomozycielka-lodz.pl\/index.php?rest_route=\/wp\/v2\/posts"}],"about":[{"href":"https:\/\/wspomozycielka-lodz.pl\/index.php?rest_route=\/wp\/v2\/types\/post"}],"author":[{"embeddable":true,"href":"https:\/\/wspomozycielka-lodz.pl\/index.php?rest_route=\/wp\/v2\/users\/2"}],"replies":[{"embeddable":true,"href":"https:\/\/wspomozycielka-lodz.pl\/index.php?rest_route=%2Fwp%2Fv2%2Fcomments&post=840"}],"version-history":[{"count":1,"href":"https:\/\/wspomozycielka-lodz.pl\/index.php?rest_route=\/wp\/v2\/posts\/840\/revisions"}],"predecessor-version":[{"id":841,"href":"https:\/\/wspomozycielka-lodz.pl\/index.php?rest_route=\/wp\/v2\/posts\/840\/revisions\/841"}],"wp:featuredmedia":[{"embeddable":true,"href":"https:\/\/wspomozycielka-lodz.pl\/index.php?rest_route=\/wp\/v2\/media\/619"}],"wp:attachment":[{"href":"https:\/\/wspomozycielka-lodz.pl\/index.php?rest_route=%2Fwp%2Fv2%2Fmedia&parent=840"}],"wp:term":[{"taxonomy":"category","embeddable":true,"href":"https:\/\/wspomozycielka-lodz.pl\/index.php?rest_route=%2Fwp%2Fv2%2Fcategories&post=840"},{"taxonomy":"post_tag","embeddable":true,"href":"https:\/\/wspomozycielka-lodz.pl\/index.php?rest_route=%2Fwp%2Fv2%2Ftags&post=840"}],"curies":[{"name":"wp","href":"https:\/\/api.w.org\/{rel}","templated":true}]}}